{"id":6133,"date":"2020-11-19T19:00:14","date_gmt":"2020-11-19T22:00:14","guid":{"rendered":"https:\/\/tvc16.com\/portal\/?p=6133"},"modified":"2020-11-19T19:00:16","modified_gmt":"2020-11-19T22:00:16","slug":"edicao-2021-dos-jogos-da-juventude-acontecem-em-aracaju","status":"publish","type":"post","link":"https:\/\/tvc16.com\/portal\/2020\/11\/19\/edicao-2021-dos-jogos-da-juventude-acontecem-em-aracaju\/","title":{"rendered":"Edi\u00e7\u00e3o 2021 dos Jogos da Juventude acontecem em Aracaju"},"content":{"rendered":"\n<h4 class=\"wp-block-heading\">Por Juliano Justo &#8211; Rep\u00f3rter da TV Brasil e da R\u00e1dio Nacional &#8211; S\u00e3o Paulo<\/h4>\n\n\n\n<p>O Comit\u00ea Ol\u00edmpico do Brasil (COB) confirmou na \u00faltima quarta-feira (18) a realiza\u00e7\u00e3o do tradicional evento estudantil de base do pa\u00eds. Em novembro de 2021, a competi\u00e7\u00e3o, que passar\u00e1 a ser chamada de Jogos da Juventude, chegar\u00e1 \u00e0 Sergipe (Aracaju). A altera\u00e7\u00e3o no nome acontece ap\u00f3s 15 anos, per\u00edodo no qual o torneio se chamava Jogos Escolares da Juventude. Antes, a competi\u00e7\u00e3o chegou a ser chamada de Jogos Ol\u00edmpicos da Juventude.<img decoding=\"async\" src=\"https:\/\/agenciabrasil.ebc.com.br\/ebc.png?id=1394004&amp;o=node\"><img decoding=\"async\" src=\"https:\/\/agenciabrasil.ebc.com.br\/ebc.gif?id=1394004&amp;o=node\">https:\/\/platform.twitter.com\/embed\/index.html?creatorScreenName=agenciabrasil&amp;dnt=false&amp;embedId=twitter-widget-0&amp;frame=false&amp;hideCard=false&amp;hideThread=false&amp;id=1329173129965531143&amp;lang=pt&amp;origin=https%3A%2F%2Fagenciabrasil.ebc.com.br%2Fesportes%2Fnoticia%2F2020-11%2Fedicao-2021-dos-jogos-da-juventude-acontecem-em-aracaju-se&amp;siteScreenName=agenciabrasil&amp;theme=light&amp;widgetsVersion=ed20a2b%3A1601588405575&amp;width=550px<\/p>\n\n\n\n<p>O slogan do evento de 2021 ser\u00e1 \u201cDesenvolvendo campe\u00f5es\u201d. Voltada para atletas at\u00e9 17 anos (sub-18), a competi\u00e7\u00e3o deve reunir aproximadamente 4 mil jovens de todo o pa\u00eds. \u201cOs Jogos da Juventude seguem como um dos principais projetos do COB para o desenvolvimento do esporte de base no pa\u00eds. Realizamos um grande estudo para chegar ao novo formato, que contribuir\u00e1 ainda mais para a detec\u00e7\u00e3o de talentos para o esporte brasileiro\u201d, afirmou o presidente do COB, Paulo Wanderley.<\/p>\n\n\n\n<p>A partir do pr\u00f3ximo ano, os estados ter\u00e3o um protagonismo maior para definirem suas sele\u00e7\u00f5es nas modalidades coletivas. At\u00e9 o ano passado, as equipes eram formadas por alunos de uma \u00fanica escola. A partir de agora, poder\u00e3o ser formadas por integrantes de v\u00e1rios col\u00e9gios.<\/p>\n\n\n\n<p>Programas como os embaixadores e os observadores t\u00e9cnicos ser\u00e3o mantidos. Tamb\u00e9m continuar\u00e3o sendo oferecidos cursos de capacita\u00e7\u00e3o para treinadores, o Guia de Pais e Educadores apoiando o Jogo Limpo, al\u00e9m do Centro de Avalia\u00e7\u00e3o e Monitoramento, criado em 2019 para identificar o perfil f\u00edsico e motor dos jovens atletas participantes dos Jogos.<\/p>\n\n\n\n<p>Grandes nomes do esporte brasileiro passaram pelos antigos Jogos Escolares da Juventude, como a campe\u00e3 ol\u00edmpica Sarah Menezes e a campe\u00e3 mundial Mayra Aguiar, ambas do jud\u00f4, Hugo Calderano (t\u00eanis de mesa), Raulzinho (basquete), Ana Claudia Lemos (atletismo), Etiene Medeiros e Leonardo de Deus (nata\u00e7\u00e3o).<\/p>\n\n\n\n<p>Edi\u00e7\u00e3o: F\u00e1bio Lisboa<\/p>\n","protected":false},"excerpt":{"rendered":"<p>Por Juliano Justo &#8211; Rep\u00f3rter da TV Brasil e da R\u00e1dio Nacional &#8211; S\u00e3o Paulo<\/p>\n","protected":false},"author":2,"featured_media":6135,"comment_status":"open","ping_status":"open","sticky":false,"template":"","format":"standard","meta":{"footnotes":""},"categories":[20],"tags":[],"class_list":["post-6133","post","type-post","status-publish","format-standard","has-post-thumbnail","hentry","category-esporte"],"_links":{"self":[{"href":"https:\/\/tvc16.com\/portal\/wp-json\/wp\/v2\/posts\/6133","targetHints":{"allow":["GET"]}}],"collection":[{"href":"https:\/\/tvc16.com\/portal\/wp-json\/wp\/v2\/posts"}],"about":[{"href":"https:\/\/tvc16.com\/portal\/wp-json\/wp\/v2\/types\/post"}],"author":[{"embeddable":true,"href":"https:\/\/tvc16.com\/portal\/wp-json\/wp\/v2\/users\/2"}],"replies":[{"embeddable":true,"href":"https:\/\/tvc16.com\/portal\/wp-json\/wp\/v2\/comments?post=6133"}],"version-history":[{"count":1,"href":"https:\/\/tvc16.com\/portal\/wp-json\/wp\/v2\/posts\/6133\/revisions"}],"predecessor-version":[{"id":6136,"href":"https:\/\/tvc16.com\/portal\/wp-json\/wp\/v2\/posts\/6133\/revisions\/6136"}],"wp:featuredmedia":[{"embeddable":true,"href":"https:\/\/tvc16.com\/portal\/wp-json\/wp\/v2\/media\/6135"}],"wp:attachment":[{"href":"https:\/\/tvc16.com\/portal\/wp-json\/wp\/v2\/media?parent=6133"}],"wp:term":[{"taxonomy":"category","embeddable":true,"href":"https:\/\/tvc16.com\/portal\/wp-json\/wp\/v2\/categories?post=6133"},{"taxonomy":"post_tag","embeddable":true,"href":"https:\/\/tvc16.com\/portal\/wp-json\/wp\/v2\/tags?post=6133"}],"curies":[{"name":"wp","href":"https:\/\/api.w.org\/{rel}","templated":true}]}}