{"id":6137,"date":"2020-11-19T19:02:39","date_gmt":"2020-11-19T22:02:39","guid":{"rendered":"https:\/\/tvc16.com\/portal\/?p=6137"},"modified":"2020-11-19T19:02:42","modified_gmt":"2020-11-19T22:02:42","slug":"volei-de-praia-fase-principal-do-circuito-brasileiro-segue-no-rio","status":"publish","type":"post","link":"https:\/\/tvc16.com\/portal\/2020\/11\/19\/volei-de-praia-fase-principal-do-circuito-brasileiro-segue-no-rio\/","title":{"rendered":"V\u00f4lei de Praia: fase principal do Circuito Brasileiro segue no Rio"},"content":{"rendered":"\n<h3 class=\"wp-block-heading\">Competi\u00e7\u00e3o envolve 24 das melhores duplas do pa\u00eds<\/h3>\n\n\n\n<h4 class=\"wp-block-heading\">Por Juliano Justo &#8211; Rep\u00f3rter da TV Brasil e da R\u00e1dio Nacional &#8211; S\u00e3o Paulo<\/h4>\n\n\n\n<p>A fase principal da quarta etapa do Circuito Brasileiro de V\u00f4lei de Praia Feminino 2020\/2021 acontece na pr\u00f3xima sexta-feira (20) no Centro de Desenvolvimento de Voleibol (CDV), em Saquarema (RJ).<img decoding=\"async\" src=\"https:\/\/agenciabrasil.ebc.com.br\/ebc.png?id=1394005&amp;o=node\"><img decoding=\"async\" src=\"https:\/\/agenciabrasil.ebc.com.br\/ebc.gif?id=1394005&amp;o=node\"><\/p>\n\n\n\n<p>Nesta competi\u00e7\u00e3o, 24 das melhores duplas do pa\u00edses brigam por um lugar no p\u00f3dio, sendo as 16 mais bem colocadas do ranking de entrada e outras oito classificadas no torneio classificat\u00f3rio que ocorreu nesta quinta-feira.<\/p>\n\n\n\n<p>Na etapa anterior o t\u00edtulo ficou com Ana Patr\u00edcia e Rebecca, que chegaram ao segundo ouro em tr\u00eas etapas na temporada. \u201cJogamos bem focadas e unidas para vencer cada jogo de uma vez na etapa passada. E \u00e9 muito bom quando o resultado vem. Nos traz muita satisfa\u00e7\u00e3o, mas \u00e9 uma coisa que j\u00e1 ficou para tr\u00e1s. Agora teremos algumas etapas em sequ\u00eancia, ent\u00e3o nossa condi\u00e7\u00e3o f\u00edsica e psicol\u00f3gica tem que estar muito boa\u201d, declarou Rebecca.<\/p>\n\n\n\n<p>Medalhista de bronze na primeira e na terceira etapa, Talita, que joga ao lado de Carol Solberg desde o in\u00edcio de 2020, espera mais equil\u00edbrio na competi\u00e7\u00e3o: \u201cVejo nosso time melhorando, mas estamos em transi\u00e7\u00e3o ainda, somos duas bloqueadoras se adaptando a jogar na defesa, nos revezando. E o que precisamos agora \u00e9 de ritmo de jogo\u201d.<\/p>\n\n\n\n<p>As partidas ser\u00e3o exibidas pelo site&nbsp;<a href=\"http:\/\/voleidepraiatv.cbv.com.br\/\">voleidepraiatv.cbv.com.br<\/a>&nbsp;e pelo perfil oficial da Confedera\u00e7\u00e3o Brasileira de Voleibol (CBV) no Facebook.<\/p>\n","protected":false},"excerpt":{"rendered":"<p>Competi\u00e7\u00e3o envolve 24 das melhores duplas do pa\u00eds Por Juliano Justo &#8211; Rep\u00f3rter da TV<\/p>\n","protected":false},"author":2,"featured_media":6138,"comment_status":"open","ping_status":"open","sticky":false,"template":"","format":"standard","meta":{"footnotes":""},"categories":[20],"tags":[],"class_list":["post-6137","post","type-post","status-publish","format-standard","has-post-thumbnail","hentry","category-esporte"],"_links":{"self":[{"href":"https:\/\/tvc16.com\/portal\/wp-json\/wp\/v2\/posts\/6137","targetHints":{"allow":["GET"]}}],"collection":[{"href":"https:\/\/tvc16.com\/portal\/wp-json\/wp\/v2\/posts"}],"about":[{"href":"https:\/\/tvc16.com\/portal\/wp-json\/wp\/v2\/types\/post"}],"author":[{"embeddable":true,"href":"https:\/\/tvc16.com\/portal\/wp-json\/wp\/v2\/users\/2"}],"replies":[{"embeddable":true,"href":"https:\/\/tvc16.com\/portal\/wp-json\/wp\/v2\/comments?post=6137"}],"version-history":[{"count":1,"href":"https:\/\/tvc16.com\/portal\/wp-json\/wp\/v2\/posts\/6137\/revisions"}],"predecessor-version":[{"id":6139,"href":"https:\/\/tvc16.com\/portal\/wp-json\/wp\/v2\/posts\/6137\/revisions\/6139"}],"wp:featuredmedia":[{"embeddable":true,"href":"https:\/\/tvc16.com\/portal\/wp-json\/wp\/v2\/media\/6138"}],"wp:attachment":[{"href":"https:\/\/tvc16.com\/portal\/wp-json\/wp\/v2\/media?parent=6137"}],"wp:term":[{"taxonomy":"category","embeddable":true,"href":"https:\/\/tvc16.com\/portal\/wp-json\/wp\/v2\/categories?post=6137"},{"taxonomy":"post_tag","embeddable":true,"href":"https:\/\/tvc16.com\/portal\/wp-json\/wp\/v2\/tags?post=6137"}],"curies":[{"name":"wp","href":"https:\/\/api.w.org\/{rel}","templated":true}]}}