{"id":6144,"date":"2020-11-19T19:14:14","date_gmt":"2020-11-19T22:14:14","guid":{"rendered":"https:\/\/tvc16.com\/portal\/?p=6144"},"modified":"2020-11-19T19:14:16","modified_gmt":"2020-11-19T22:14:16","slug":"economia-cresceu-75-do-segundo-para-o-terceiro-trimestre-diz-fgv","status":"publish","type":"post","link":"https:\/\/tvc16.com\/portal\/2020\/11\/19\/economia-cresceu-75-do-segundo-para-o-terceiro-trimestre-diz-fgv\/","title":{"rendered":"Economia cresceu 7,5% do segundo para o terceiro trimestre, diz FGV"},"content":{"rendered":"\n<h2 class=\"wp-block-heading\">No mesmo per\u00edodo de 2019, houve uma queda de 4,4%<\/h2>\n\n\n\n<p>O Produto Interno Bruto (PIB), que \u00e9 a soma de todos os bens e servi\u00e7os produzidos no pa\u00eds, teve crescimento de 7,5% no terceiro trimestre deste ano, na compara\u00e7\u00e3o com o segundo trimestre. O dado \u00e9 do Monitor do PIB, da Funda\u00e7\u00e3o Getulio Vargas (FGV), divulgado hoje (19).<img decoding=\"async\" src=\"https:\/\/agenciabrasil.ebc.com.br\/ebc.png?id=1393953&amp;o=node\"><img decoding=\"async\" src=\"https:\/\/agenciabrasil.ebc.com.br\/ebc.gif?id=1393953&amp;o=node\"><\/p>\n\n\n\n<p>\u201cO forte crescimento de 7,5% da economia brasileira no terceiro trimestre, reverte, em parte, a forte retra\u00e7\u00e3o de 9,7% registrada no segundo trimestre deste ano, em fun\u00e7\u00e3o da chegada da pandemia de covid-19 ao Brasil, a partir de mar\u00e7o. No entanto, este crescimento n\u00e3o \u00e9 suficiente para recuperar o n\u00edvel de atividade econ\u00f4mica que ainda se encontra 5% abaixo do observado no quarto trimestre do ano passado\u201d, afirma o coordenador da pesquisa, Claudio Considera.<\/p>\n\n\n\n<p>Segundo ele, apesar da recupera\u00e7\u00e3o disseminada entre as atividades econ\u00f4micas, o setor de servi\u00e7os ainda encontra dificuldades para se recuperar. Os servi\u00e7os tiveram alta de 5,5%, bem abaixo dos 13,4% da ind\u00fastria.<\/p>\n\n\n\n<p>\u201cMesmo com a flexibiliza\u00e7\u00e3o das medidas de isolamento e pequena melhora marginal dos setores de alojamento, alimenta\u00e7\u00e3o, servi\u00e7os prestados \u00e0s fam\u00edlias, educa\u00e7\u00e3o e sa\u00fade, o crescimento observado ainda \u00e9 muito pouco em compara\u00e7\u00e3o a deteriora\u00e7\u00e3o, causada pela pandemia, observada nestes segmentos. A elevada incerteza quanto ao futuro da pandemia tem inibido a recupera\u00e7\u00e3o mais robusta do setor de servi\u00e7os, que \u00e9 a atividade mais relevante da economia brasileira\u201d, explica Considera.<\/p>\n\n\n\n<p>A agropecu\u00e1ria recuou 0,3%. Sob a \u00f3tica da demanda, houve altas de 9,9% no consumo das fam\u00edlias e de 16,5% na forma\u00e7\u00e3o bruta de capital fixo (investimentos). O consumo do governo cresceu 0,5%. J\u00e1 as exporta\u00e7\u00f5es e importa\u00e7\u00f5es tiveram quedas de 0,6% e de 8,8%, respectivamente.<\/p>\n\n\n\n<h2 class=\"wp-block-heading\">Outras compara\u00e7\u00f5es<\/h2>\n\n\n\n<p>Apesar da alta de 7,5% na compara\u00e7\u00e3o com o segundo trimestre, na compara\u00e7\u00e3o com o terceiro trimestre de 2019, houve uma queda de 4,4%. Analisando-se apenas o m\u00eas de setembro, houve alta de 1,1% na compara\u00e7\u00e3o com agosto e de 2,3% na compara\u00e7\u00e3o com setembro do ano passado.<\/p>\n\n\n\n<p>Na compara\u00e7\u00e3o com o segundo trimestre deste ano, o consumo das fam\u00edlias recuou 5,1%, enquanto a forma\u00e7\u00e3o bruta de capital fixo (investimento) caiu 2,2%. As exporta\u00e7\u00f5es cresceram 1,7%, enquanto as importa\u00e7\u00f5es tiveram queda de 24,4%.<\/p>\n\n\n\n<p>Por Vitor Abdala &#8211; Rep\u00f3rter da Ag\u00eancia Brasil &#8211; Rio de Janeiro<\/p>\n\n\n\n<p>Edi\u00e7\u00e3o: Val\u00e9ria Aguiar<\/p>\n","protected":false},"excerpt":{"rendered":"<p>No mesmo per\u00edodo de 2019, houve uma queda de 4,4% O Produto Interno Bruto (PIB),<\/p>\n","protected":false},"author":2,"featured_media":6145,"comment_status":"open","ping_status":"open","sticky":false,"template":"","format":"standard","meta":{"footnotes":""},"categories":[18],"tags":[],"class_list":["post-6144","post","type-post","status-publish","format-standard","has-post-thumbnail","hentry","category-economia"],"_links":{"self":[{"href":"https:\/\/tvc16.com\/portal\/wp-json\/wp\/v2\/posts\/6144","targetHints":{"allow":["GET"]}}],"collection":[{"href":"https:\/\/tvc16.com\/portal\/wp-json\/wp\/v2\/posts"}],"about":[{"href":"https:\/\/tvc16.com\/portal\/wp-json\/wp\/v2\/types\/post"}],"author":[{"embeddable":true,"href":"https:\/\/tvc16.com\/portal\/wp-json\/wp\/v2\/users\/2"}],"replies":[{"embeddable":true,"href":"https:\/\/tvc16.com\/portal\/wp-json\/wp\/v2\/comments?post=6144"}],"version-history":[{"count":1,"href":"https:\/\/tvc16.com\/portal\/wp-json\/wp\/v2\/posts\/6144\/revisions"}],"predecessor-version":[{"id":6146,"href":"https:\/\/tvc16.com\/portal\/wp-json\/wp\/v2\/posts\/6144\/revisions\/6146"}],"wp:featuredmedia":[{"embeddable":true,"href":"https:\/\/tvc16.com\/portal\/wp-json\/wp\/v2\/media\/6145"}],"wp:attachment":[{"href":"https:\/\/tvc16.com\/portal\/wp-json\/wp\/v2\/media?parent=6144"}],"wp:term":[{"taxonomy":"category","embeddable":true,"href":"https:\/\/tvc16.com\/portal\/wp-json\/wp\/v2\/categories?post=6144"},{"taxonomy":"post_tag","embeddable":true,"href":"https:\/\/tvc16.com\/portal\/wp-json\/wp\/v2\/tags?post=6144"}],"curies":[{"name":"wp","href":"https:\/\/api.w.org\/{rel}","templated":true}]}}