{"id":6147,"date":"2020-11-19T19:16:34","date_gmt":"2020-11-19T22:16:34","guid":{"rendered":"https:\/\/tvc16.com\/portal\/?p=6147"},"modified":"2020-11-19T19:16:36","modified_gmt":"2020-11-19T22:16:36","slug":"dolar-cai-para-r-531-e-fecha-no-menor-valor-em-dois-meses","status":"publish","type":"post","link":"https:\/\/tvc16.com\/portal\/2020\/11\/19\/dolar-cai-para-r-531-e-fecha-no-menor-valor-em-dois-meses\/","title":{"rendered":"D\u00f3lar cai para R$ 5,31 e fecha no menor valor em dois meses"},"content":{"rendered":"\n<h2 class=\"wp-block-heading\">Bolsa fechou em alta, beneficiada por cen\u00e1rio externo<\/h2>\n\n\n\n<h4 class=\"wp-block-heading\"> <\/h4>\n\n\n\n<p>Depois de um dia de sobe-e-desce, o d\u00f3lar aproximou-se de R$ 5,30 e fechou no menor valor em dois meses. A bolsa de valores tamb\u00e9m oscilou bastante, mas fechou com pequena alta, beneficiada pelo cen\u00e1rio externo e por negocia\u00e7\u00f5es de uma empresa de petr\u00f3leo.<img decoding=\"async\" src=\"https:\/\/agenciabrasil.ebc.com.br\/ebc.png?id=1394007&amp;o=node\"><img decoding=\"async\" src=\"https:\/\/agenciabrasil.ebc.com.br\/ebc.gif?id=1394007&amp;o=node\"><\/p>\n\n\n\n<p>O d\u00f3lar comercial fechou esta quinta-feira (19) vendido a R$ 5,313, com recuo de R$ 0,025 (-2,45%). A divisa come\u00e7ou o dia em forte alta, chegando a R$ 5,37 por volta das 10h. No entanto, ainda durante a manh\u00e3, reverteu o movimento e passou a cair ap\u00f3s a entrada de fluxos estrangeiros no pa\u00eds. A cota\u00e7\u00e3o est\u00e1 no n\u00edvel mais baixo desde 17 de setembro, quando tinha fechado em R$ 5,23.<\/p>\n\n\n\n<p>As expectativas em torno da aprova\u00e7\u00e3o de um pacote de est\u00edmulos econ\u00f4micos nos Estados Unidos animaram os investidores. Nesta quinta, o l\u00edder da minoria no Senado norte-americano, o democrata Chuck Schumer, afirmou que o l\u00edder da maioria no Senado, Mitch McConnell, concordou em retomar negocia\u00e7\u00f5es para elaborar um novo pacote de al\u00edvio fiscal.<\/p>\n\n\n\n<p>A possibilidade de que o Federal Reserve (Fed, Banco Central norte-americano) injete mais d\u00f3lares na economia global diminuiu as press\u00f5es sobre o c\u00e2mbio. O primeiro pacote de est\u00edmulos do governo norte-americano para enfrentar a pandemia de covid-19 expirou em julho e, at\u00e9 agora, n\u00e3o foi renovado.<\/p>\n\n\n\n<p>No mercado de a\u00e7\u00f5es, o \u00edndice Ibovespa, da B3, fechou o dia aos 106.791 pontos, com alta de 0,63%. O indicador alternou momentos de alta e de baixa ao longo do dia, mas reagiu nas duas horas finais de negocia\u00e7\u00e3o.<\/p>\n\n\n\n<p>A bolsa brasileira seguiu Wall Street. O \u00edndice Dow Jones (das empresas industriais) subiu 0,15%, o S&amp;P 500 (das 500 maiores empresas) ganhou 0,39%, e o Nasdaq (das empresas de tecnologia) teve alta de 0,87%, ap\u00f3s os avan\u00e7os nas negocia\u00e7\u00f5es do pacote de est\u00edmulos. Al\u00e9m do cen\u00e1rio externo, o Ibovespa foi beneficiado pela alta nas a\u00e7\u00f5es de uma empresa de petr\u00f3leo que comprou participa\u00e7\u00f5es de uma companhia brit\u00e2nica em duas \u00e1reas do pr\u00e9-sal concedidas \u00e0 iniciativa privada.<\/p>\n\n\n\n<p>Por Wellton M\u00e1ximo \u2013 Rep\u00f3rter da Ag\u00eancia Brasil * &#8211; Bras\u00edlia<\/p>\n\n\n\n<p><em>* Com informa\u00e7\u00f5es da Reuters<\/em><\/p>\n\n\n\n<p>Edi\u00e7\u00e3o: F\u00e1bio Massalli<\/p>\n","protected":false},"excerpt":{"rendered":"<p>Bolsa fechou em alta, beneficiada por cen\u00e1rio externo Depois de um dia de sobe-e-desce, o<\/p>\n","protected":false},"author":2,"featured_media":6148,"comment_status":"open","ping_status":"open","sticky":false,"template":"","format":"standard","meta":{"footnotes":""},"categories":[18],"tags":[],"class_list":["post-6147","post","type-post","status-publish","format-standard","has-post-thumbnail","hentry","category-economia"],"_links":{"self":[{"href":"https:\/\/tvc16.com\/portal\/wp-json\/wp\/v2\/posts\/6147","targetHints":{"allow":["GET"]}}],"collection":[{"href":"https:\/\/tvc16.com\/portal\/wp-json\/wp\/v2\/posts"}],"about":[{"href":"https:\/\/tvc16.com\/portal\/wp-json\/wp\/v2\/types\/post"}],"author":[{"embeddable":true,"href":"https:\/\/tvc16.com\/portal\/wp-json\/wp\/v2\/users\/2"}],"replies":[{"embeddable":true,"href":"https:\/\/tvc16.com\/portal\/wp-json\/wp\/v2\/comments?post=6147"}],"version-history":[{"count":1,"href":"https:\/\/tvc16.com\/portal\/wp-json\/wp\/v2\/posts\/6147\/revisions"}],"predecessor-version":[{"id":6149,"href":"https:\/\/tvc16.com\/portal\/wp-json\/wp\/v2\/posts\/6147\/revisions\/6149"}],"wp:featuredmedia":[{"embeddable":true,"href":"https:\/\/tvc16.com\/portal\/wp-json\/wp\/v2\/media\/6148"}],"wp:attachment":[{"href":"https:\/\/tvc16.com\/portal\/wp-json\/wp\/v2\/media?parent=6147"}],"wp:term":[{"taxonomy":"category","embeddable":true,"href":"https:\/\/tvc16.com\/portal\/wp-json\/wp\/v2\/categories?post=6147"},{"taxonomy":"post_tag","embeddable":true,"href":"https:\/\/tvc16.com\/portal\/wp-json\/wp\/v2\/tags?post=6147"}],"curies":[{"name":"wp","href":"https:\/\/api.w.org\/{rel}","templated":true}]}}