{"id":6150,"date":"2020-11-19T19:23:05","date_gmt":"2020-11-19T22:23:05","guid":{"rendered":"https:\/\/tvc16.com\/portal\/?p=6150"},"modified":"2020-11-19T19:23:07","modified_gmt":"2020-11-19T22:23:07","slug":"governo-federal-reconhece-estado-de-emergencia-em-10-municipios","status":"publish","type":"post","link":"https:\/\/tvc16.com\/portal\/2020\/11\/19\/governo-federal-reconhece-estado-de-emergencia-em-10-municipios\/","title":{"rendered":"Governo federal reconhece estado de emerg\u00eancia em 10 munic\u00edpios"},"content":{"rendered":"\n<h3 class=\"wp-block-heading\">Nove munic\u00edpios foram afetados por chuva e um em decorr\u00eancia da seca<\/h3>\n\n\n\n<h4 class=\"wp-block-heading\">Por Ag\u00eancia Brasil &#8211; Bras\u00edlia<\/h4>\n\n\n\n<p>O governo federal publicou hoje no&nbsp;<em>Di\u00e1rio Oficial da Uni\u00e3o<\/em>&nbsp;(DOU) o reconhecimento de situa\u00e7\u00e3o de emerg\u00eancia em 10 munic\u00edpios afetados por desastres naturais, como chuva ou estiagem.<img decoding=\"async\" src=\"https:\/\/agenciabrasil.ebc.com.br\/ebc.png?id=1393994&amp;o=node\"><img decoding=\"async\" src=\"https:\/\/agenciabrasil.ebc.com.br\/ebc.gif?id=1393994&amp;o=node\"><\/p>\n\n\n\n<p>Nove cidades na Bahia foram afetadas por chuvas intensas: Almadina, Coaraci, Ibicara\u00ed, Ibicu\u00ed, Irec\u00ea, Itabuna, Jo\u00e3o Dourado, Juazeiro e Lap\u00e3o. Ao contr\u00e1rio, o munic\u00edpio de Cai\u00e7ara, no Rio Grande do Sul, teve situa\u00e7\u00e3o de emerg\u00eancia decretada por causa da estiagem. S\u00e3o 19 os munic\u00edpios ga\u00fachos com reconhecimento em fun\u00e7\u00e3o do per\u00edodo prolongado de seca.<\/p>\n\n\n\n<p>Com a medida, as prefeituras podem solicitar apoio do governo federal para a\u00e7\u00f5es de socorro e assist\u00eancia \u00e0 popula\u00e7\u00e3o, restabelecimento de servi\u00e7os essenciais e recupera\u00e7\u00e3o de \u00e1reas danificadas.<\/p>\n\n\n\n<p>Em Itabuna, na Bahia, em apenas 24 horas, choveu 98 mm, volume previsto para o m\u00eas inteiro.<\/p>\n\n\n\n<p>Para ter acesso aos recursos emergenciais, estados e prefeituras devem apresentar o plano detalhado de resposta, por meio do Sistema Integrado de Informa\u00e7\u00f5es sobre Desastres.<\/p>\n\n\n\n<p>Ap\u00f3s a an\u00e1lise por equipes da Secretaria Nacional de Prote\u00e7\u00e3o e Defesa Civil, se aprovado o plano, o Minist\u00e9rio do Desenvolvimento Regional vai definir o valor do recurso a ser disponibilizado para a\u00e7\u00f5es emergenciais. O apoio federal vai complementar a\u00e7\u00f5es de estados e munic\u00edpios.<\/p>\n\n\n\n<h2 class=\"wp-block-heading\">Piau\u00ed<\/h2>\n\n\n\n<p>O Minist\u00e9rio do Desenvolvimento Regional reconheceu, pela segunda vez, a situa\u00e7\u00e3o de emerg\u00eancia no estado devido ao novo coronav\u00edrus. O mesmo reconhecimento j\u00e1 havia ocorrido em abril, mas a vig\u00eancia do decreto estadual foi encerrada ap\u00f3s 180 dias. O governo estadual publicou novo decreto semana passada, renovando a situa\u00e7\u00e3o de emerg\u00eancia e possibilitando uma nova Portaria do governo federal.<\/p>\n\n\n\n<p>Edi\u00e7\u00e3o: Maria Claudia<\/p>\n","protected":false},"excerpt":{"rendered":"<p>Nove munic\u00edpios foram afetados por chuva e um em decorr\u00eancia da seca Por Ag\u00eancia Brasil<\/p>\n","protected":false},"author":2,"featured_media":6151,"comment_status":"open","ping_status":"open","sticky":false,"template":"","format":"standard","meta":{"footnotes":""},"categories":[14],"tags":[],"class_list":["post-6150","post","type-post","status-publish","format-standard","has-post-thumbnail","hentry","category-pais"],"_links":{"self":[{"href":"https:\/\/tvc16.com\/portal\/wp-json\/wp\/v2\/posts\/6150","targetHints":{"allow":["GET"]}}],"collection":[{"href":"https:\/\/tvc16.com\/portal\/wp-json\/wp\/v2\/posts"}],"about":[{"href":"https:\/\/tvc16.com\/portal\/wp-json\/wp\/v2\/types\/post"}],"author":[{"embeddable":true,"href":"https:\/\/tvc16.com\/portal\/wp-json\/wp\/v2\/users\/2"}],"replies":[{"embeddable":true,"href":"https:\/\/tvc16.com\/portal\/wp-json\/wp\/v2\/comments?post=6150"}],"version-history":[{"count":1,"href":"https:\/\/tvc16.com\/portal\/wp-json\/wp\/v2\/posts\/6150\/revisions"}],"predecessor-version":[{"id":6152,"href":"https:\/\/tvc16.com\/portal\/wp-json\/wp\/v2\/posts\/6150\/revisions\/6152"}],"wp:featuredmedia":[{"embeddable":true,"href":"https:\/\/tvc16.com\/portal\/wp-json\/wp\/v2\/media\/6151"}],"wp:attachment":[{"href":"https:\/\/tvc16.com\/portal\/wp-json\/wp\/v2\/media?parent=6150"}],"wp:term":[{"taxonomy":"category","embeddable":true,"href":"https:\/\/tvc16.com\/portal\/wp-json\/wp\/v2\/categories?post=6150"},{"taxonomy":"post_tag","embeddable":true,"href":"https:\/\/tvc16.com\/portal\/wp-json\/wp\/v2\/tags?post=6150"}],"curies":[{"name":"wp","href":"https:\/\/api.w.org\/{rel}","templated":true}]}}