{"id":6153,"date":"2020-11-19T19:33:28","date_gmt":"2020-11-19T22:33:28","guid":{"rendered":"https:\/\/tvc16.com\/portal\/?p=6153"},"modified":"2020-11-19T19:33:31","modified_gmt":"2020-11-19T22:33:31","slug":"nova-iguacu-inicia-vistoria-em-frota-de-onibus-e-micro-onibus","status":"publish","type":"post","link":"https:\/\/tvc16.com\/portal\/2020\/11\/19\/nova-iguacu-inicia-vistoria-em-frota-de-onibus-e-micro-onibus\/","title":{"rendered":"Nova Igua\u00e7u inicia vistoria em frota de \u00f4nibus e micro-\u00f4nibus"},"content":{"rendered":"\n<p>Com o objetivo de melhorar o atendimento aos usu\u00e1rios do sistema de transporte do munic\u00edpio, oferecendo mais seguran\u00e7a e conforto, a Secretaria Municipal de Transporte, Tr\u00e2nsito e Mobilidade Urbana de Nova Igua\u00e7u (SEMTMU) vai vistoriar os \u00f4nibus e micro-\u00f4nibus das empresas que operam na cidade. A a\u00e7\u00e3o acontece a partir desta segunda-feira (23) e vai at\u00e9 1\u00ba de dezembro. Cerca de 400 coletivos devem ser vistoriados nas garagens das empresas ou em seus pontos finais, das 8h \u00e0s 17h.<\/p>\n\n\n\n<p>Os ve\u00edculos dever\u00e3o estar lavados e aspirados, com o layout de pintura do cons\u00f3rcio. No ano passado, trezentos e oitenta coletivos foram vistoriados, com cerca de 10% da frota sendo reprovada no momento da vistoria. Ap\u00f3s as exig\u00eancias serem corrigidas, esses \u00f4nibus voltaram a circular.<\/p>\n\n\n\n<p>Agentes v\u00e3o avaliar diversos aspectos durante a vistoria. Entre os itens est\u00e3o como espelho retrovisor, parabrisa, buzina, extintor de inc\u00eandio, vidros das janelas, bancos, estofamento, cigarra, catraca, validador, ilumina\u00e7\u00e3o interna e externa, elevador para cadeirante, setas, farol alto, luz de r\u00e9, pisca-alerta, freio, letreiro luminoso indicando a linha, motor, cinto de seguran\u00e7a e acessibilidade.<\/p>\n\n\n\n<p>Caso os \u00f4nibus sejam reprovados, as empresas t\u00eam um prazo de at\u00e9 tr\u00eas dias para se adequarem. Eles passam por nova vistoria por uma equipe SEMTU, que confere se tudo foi acertado e legalizado. Se n\u00e3o for cumprido todas as exig\u00eancias, o coletivo fica impedido de circular.<\/p>\n\n\n\n<p><strong>Confira as datas das vistorias dos ve\u00edculos, de acordo com o calend\u00e1rio abaixo:<\/strong><\/p>\n\n\n\n<p>Vistoria: 23 de novembro \/ C\u00f3digo 01 \u2013 Via\u00e7\u00e3o S\u00e3o Jos\u00e9 Ltda (Res.de Tingua)<\/p>\n\n\n\n<p>24 de novembro \/ c\u00f3digo 02 \u2013 Via\u00e7\u00e3o Mirante Ltda (Res. de Tingua)<\/p>\n\n\n\n<p>25 de novembro \/ c\u00f3digo 03 &#8211; Linave Transportes Ltda (Res.de Tingua)<\/p>\n\n\n\n<p>26 de novembro \/ C\u00f3digo 04 \u2013 Auto Via\u00e7\u00e3o Vera Cruz Ltda (Res. de Tingua)<\/p>\n\n\n\n<p>27 de novembro \/ C\u00f3digo 05 \u2013 Cavalcante &amp; Cia Ltda (Nilopolitana) (S.do Vulc\u00e3o)<\/p>\n\n\n\n<p><strong>Fotos: Diego Valdevino \/ PMNI<\/strong><\/p>\n\n\n\n<figure class=\"wp-block-image size-large\"><img loading=\"lazy\" decoding=\"async\" width=\"1024\" height=\"683\" src=\"https:\/\/tvc16.com\/portal\/wp-content\/uploads\/2020\/11\/MG_7047-1024x683.jpg\" alt=\"\" class=\"wp-image-6154\" srcset=\"https:\/\/tvc16.com\/portal\/wp-content\/uploads\/2020\/11\/MG_7047-1024x683.jpg 1024w, https:\/\/tvc16.com\/portal\/wp-content\/uploads\/2020\/11\/MG_7047-300x200.jpg 300w, https:\/\/tvc16.com\/portal\/wp-content\/uploads\/2020\/11\/MG_7047-768x512.jpg 768w, https:\/\/tvc16.com\/portal\/wp-content\/uploads\/2020\/11\/MG_7047-1536x1024.jpg 1536w, https:\/\/tvc16.com\/portal\/wp-content\/uploads\/2020\/11\/MG_7047-900x600.jpg 900w, https:\/\/tvc16.com\/portal\/wp-content\/uploads\/2020\/11\/MG_7047.jpg 1920w\" sizes=\"auto, (max-width: 1024px) 100vw, 1024px\" \/><\/figure>\n","protected":false},"excerpt":{"rendered":"<p>Com o objetivo de melhorar o atendimento aos usu\u00e1rios do sistema de transporte do munic\u00edpio,<\/p>\n","protected":false},"author":2,"featured_media":6155,"comment_status":"open","ping_status":"open","sticky":false,"template":"","format":"standard","meta":{"footnotes":""},"categories":[17],"tags":[],"class_list":["post-6153","post","type-post","status-publish","format-standard","has-post-thumbnail","hentry","category-outras-noticias"],"_links":{"self":[{"href":"https:\/\/tvc16.com\/portal\/wp-json\/wp\/v2\/posts\/6153","targetHints":{"allow":["GET"]}}],"collection":[{"href":"https:\/\/tvc16.com\/portal\/wp-json\/wp\/v2\/posts"}],"about":[{"href":"https:\/\/tvc16.com\/portal\/wp-json\/wp\/v2\/types\/post"}],"author":[{"embeddable":true,"href":"https:\/\/tvc16.com\/portal\/wp-json\/wp\/v2\/users\/2"}],"replies":[{"embeddable":true,"href":"https:\/\/tvc16.com\/portal\/wp-json\/wp\/v2\/comments?post=6153"}],"version-history":[{"count":1,"href":"https:\/\/tvc16.com\/portal\/wp-json\/wp\/v2\/posts\/6153\/revisions"}],"predecessor-version":[{"id":6156,"href":"https:\/\/tvc16.com\/portal\/wp-json\/wp\/v2\/posts\/6153\/revisions\/6156"}],"wp:featuredmedia":[{"embeddable":true,"href":"https:\/\/tvc16.com\/portal\/wp-json\/wp\/v2\/media\/6155"}],"wp:attachment":[{"href":"https:\/\/tvc16.com\/portal\/wp-json\/wp\/v2\/media?parent=6153"}],"wp:term":[{"taxonomy":"category","embeddable":true,"href":"https:\/\/tvc16.com\/portal\/wp-json\/wp\/v2\/categories?post=6153"},{"taxonomy":"post_tag","embeddable":true,"href":"https:\/\/tvc16.com\/portal\/wp-json\/wp\/v2\/tags?post=6153"}],"curies":[{"name":"wp","href":"https:\/\/api.w.org\/{rel}","templated":true}]}}