{"id":6157,"date":"2020-11-19T19:42:36","date_gmt":"2020-11-19T22:42:36","guid":{"rendered":"https:\/\/tvc16.com\/portal\/?p=6157"},"modified":"2020-11-19T19:42:39","modified_gmt":"2020-11-19T22:42:39","slug":"duas-pessoas-foram-vitimas-de-racismo-por-dia-no-estado-do-rio-de-janeiro-em-2019","status":"publish","type":"post","link":"https:\/\/tvc16.com\/portal\/2020\/11\/19\/duas-pessoas-foram-vitimas-de-racismo-por-dia-no-estado-do-rio-de-janeiro-em-2019\/","title":{"rendered":"Duas pessoas foram v\u00edtimas de racismo por dia no estado do Rio de Janeiro em 2019"},"content":{"rendered":"\n<p><em>Estudo in\u00e9dito do ISP analisa crimes de inj\u00faria e preconceito com motiva\u00e7\u00f5es raciais<\/em><\/p>\n\n\n\n<p>O Instituto de Seguran\u00e7a P\u00fablica lan\u00e7ou, nesta quinta-feira (19\/11), o Dossi\u00ea Crimes Raciais, que \u00e9 o primeiro estudo j\u00e1 produzido\u00a0por um governo estadual\u00a0no Brasil, com o intuito de analisar e evidenciar os crimes de inj\u00faria e preconceito que possuam motiva\u00e7\u00e3o racial. O trabalho mostra que, em 2019, 844 pessoas foram v\u00edtimas de discrimina\u00e7\u00e3o racial no estado do Rio de Janeiro, sendo 766 delas negras. Isso quer dizer que duas pessoas sofreram racismo por dia.<\/p>\n\n\n\n<figure class=\"wp-block-image size-large\"><img loading=\"lazy\" decoding=\"async\" width=\"1024\" height=\"683\" src=\"https:\/\/tvc16.com\/portal\/wp-content\/uploads\/2020\/11\/RC_Dossie-Crimes-Raciais_BX_25-1-1024x683.jpg\" alt=\"\" class=\"wp-image-6161\" srcset=\"https:\/\/tvc16.com\/portal\/wp-content\/uploads\/2020\/11\/RC_Dossie-Crimes-Raciais_BX_25-1-1024x683.jpg 1024w, https:\/\/tvc16.com\/portal\/wp-content\/uploads\/2020\/11\/RC_Dossie-Crimes-Raciais_BX_25-1-300x200.jpg 300w, https:\/\/tvc16.com\/portal\/wp-content\/uploads\/2020\/11\/RC_Dossie-Crimes-Raciais_BX_25-1-768x512.jpg 768w, https:\/\/tvc16.com\/portal\/wp-content\/uploads\/2020\/11\/RC_Dossie-Crimes-Raciais_BX_25-1-1536x1024.jpg 1536w, https:\/\/tvc16.com\/portal\/wp-content\/uploads\/2020\/11\/RC_Dossie-Crimes-Raciais_BX_25-1-900x600.jpg 900w, https:\/\/tvc16.com\/portal\/wp-content\/uploads\/2020\/11\/RC_Dossie-Crimes-Raciais_BX_25-1.jpg 1600w\" sizes=\"auto, (max-width: 1024px) 100vw, 1024px\" \/><\/figure>\n\n\n\n<p>Na an\u00e1lise do perfil das v\u00edtimas, constatou-se que a maioria \u00e9 mulher, com idades entre 40 e 59 anos. Em 42,9% dos casos, as v\u00edtimas n\u00e3o possu\u00edam nenhuma rela\u00e7\u00e3o com os autores dos crimes. Estas s\u00e3o as primeiras estat\u00edsticas oficiais sobre o tema usando como fonte de dados quase tr\u00eas mil registros de ocorr\u00eancia confeccionados em 2018 e 2019 nas delegacias da Secretaria de Estado de Pol\u00edcia Civil do Rio de Janeiro.<\/p>\n\n\n\n<p>Em cerim\u00f4nia, realizada no Pal\u00e1cio Guanabara, a diretora-presidente do ISP, Marcela Ortiz, resumiu o objetivo do trabalho.<\/p>\n\n\n\n<p>&#8211; O ISP se orgulha muito de lan\u00e7ar um estudo t\u00e3o importante para ajudar a construir a sociedade que queremos. A elabora\u00e7\u00e3o desse Dossi\u00ea \u00e9 importante n\u00e3o s\u00f3 para nortear os Poderes na cria\u00e7\u00e3o de novas pol\u00edticas para reduzir o n\u00famero de casos de racismo, como tamb\u00e9m para aprimorar os instrumentos estatais que j\u00e1 est\u00e3o funcionando \u2013 afirma.<\/p>\n\n\n\n<p>A delegada titular da Delegacia de Crimes Raciais e Delitos de Intoler\u00e2ncia (Decradi), Marcia Noeli, explicou o funcionamento da unidade, que \u00e9 especializada nesses crimes, e incentivou a den\u00fancia dos casos.<\/p>\n\n\n\n<p>&#8211; Para construir uma sociedade melhor, precisamos cada vez mais aprender com esses estudos e entender que a den\u00fancia \u00e9 de extrema import\u00e2ncia para que os autores sejam punidos e, com isso, enfrentar esse mal \u2013 disse.<\/p>\n\n\n\n<p><strong>Crimes motivados por discrimina\u00e7\u00e3o racial<\/strong><\/p>\n\n\n\n<p>No estado do Rio de Janeiro, em 2019, foram 1.706 v\u00edtimas de crimes praticados contra a honra como, inj\u00faria por preconceito, inj\u00faria real e preconceito de ra\u00e7a e de cor. Destas, 844 sofreram discrimina\u00e7\u00e3o por motiva\u00e7\u00e3o racial, sendo que 766 destas v\u00edtimas eram negras.<\/p>\n\n\n\n<p><strong>Perfil da v\u00edtima e dos autores<\/strong><\/p>\n\n\n\n<p>Mais da metade das v\u00edtimas de racismo no ano passado eram mulheres (58,2%). Os homens representaram 39,7% do total. Ao analisar a idade, quase 1\/3 tinha entre 40 e 59 anos (262) e 8,7% tinha at\u00e9 17 anos (73). Segundo o Dossi\u00ea, 46,3% dos autores eram conhecidos das v\u00edtimas e 42,9% eram pessoas com as quais as v\u00edtimas n\u00e3o possu\u00edam nenhuma rela\u00e7\u00e3o. \u00c9 importante ressaltar que cerca de metade dos autores desses delitos (45,8%) eram mulheres.<\/p>\n\n\n\n<p>Os ambientes n\u00e3o residenciais foram locais com a maior incid\u00eancia de ofensas (43,3%), seguido pela resid\u00eancia (27,1%) e pelo ambiente virtual (5,5%), ou seja, a internet.<\/p>\n\n\n\n<p><strong>Perfil das ofensas<\/strong><\/p>\n\n\n\n<p>Durante a an\u00e1lise dos dados, os analistas do ISP realizaram a leitura de cerca de 3 mil registros de ocorr\u00eancia e constaram as ofensas verbais proferidas com mais frequ\u00eancia contra as v\u00edtimas de racismo no estado. Palavras como \u201cmacaca\u201d, \u201cmacaco\u201d, \u201cnegra\u201d, \u201cpreto\u201d, \u201cpreta\u201d e \u201ccabelo duro\u201d foram as mais usadas pelos agressores. O que se observa nas palavras em destaque \u00e9 que os aspectos que constroem o fen\u00f3tipo negro (cor da pele, formato do nariz, textura do cabelo), as religi\u00f5es de matriz africana e a pr\u00f3pria heran\u00e7a hist\u00f3rica da escraviza\u00e7\u00e3o foram os elementos utilizados para a deprecia\u00e7\u00e3o das v\u00edtimas.<\/p>\n\n\n\n<p>Clique&nbsp;<a rel=\"noreferrer noopener\" target=\"_blank\" href=\"http:\/\/arquivos.proderj.rj.gov.br\/isp_imagens\/Uploads\/nuvemDossieCrimesRaciais2020.pdf\">aqui<\/a>&nbsp;para ter acesso \u00e0 nuvem de palavras com o perfil das ofensas.<\/p>\n\n\n\n<p><strong>Distribui\u00e7\u00e3o espacial<\/strong><\/p>\n\n\n\n<p>A capital concentrou o maior n\u00famero de v\u00edtimas em 2019 (422), seguida pelo Interior do estado (255), Baixada Fluminense (100) e Grande Niter\u00f3i (67). Na capital, os bairros do Recreio, Barra da Tijuca e Taquara, com 36, 30 e 23 v\u00edtimas, respectivamente, foram os que tiveram a maior concentra\u00e7\u00e3o de casos. Fora da capital, o munic\u00edpio de Teres\u00f3polis, Petr\u00f3polis e a regi\u00e3o central de Niter\u00f3i com, respectivamente, 22, 17 e 16 v\u00edtimas, registraram o maior n\u00famero de v\u00edtimas no ano passado.<\/p>\n\n\n\n<p>O Dossi\u00ea Crimes Raciais completo pode ser acessado&nbsp;<a rel=\"noreferrer noopener\" target=\"_blank\" href=\"http:\/\/arquivos.proderj.rj.gov.br\/isp_imagens\/Uploads\/DossieCrimesRaciais2020.pdf\">aqui<\/a>.&nbsp;<\/p>\n\n\n\n<p><strong>Fotos<\/strong>: Rafael Campos<\/p>\n","protected":false},"excerpt":{"rendered":"<p>Estudo in\u00e9dito do ISP analisa crimes de inj\u00faria e preconceito com motiva\u00e7\u00f5es raciais O Instituto<\/p>\n","protected":false},"author":2,"featured_media":6160,"comment_status":"open","ping_status":"open","sticky":false,"template":"","format":"standard","meta":{"footnotes":""},"categories":[17],"tags":[],"class_list":["post-6157","post","type-post","status-publish","format-standard","has-post-thumbnail","hentry","category-outras-noticias"],"_links":{"self":[{"href":"https:\/\/tvc16.com\/portal\/wp-json\/wp\/v2\/posts\/6157","targetHints":{"allow":["GET"]}}],"collection":[{"href":"https:\/\/tvc16.com\/portal\/wp-json\/wp\/v2\/posts"}],"about":[{"href":"https:\/\/tvc16.com\/portal\/wp-json\/wp\/v2\/types\/post"}],"author":[{"embeddable":true,"href":"https:\/\/tvc16.com\/portal\/wp-json\/wp\/v2\/users\/2"}],"replies":[{"embeddable":true,"href":"https:\/\/tvc16.com\/portal\/wp-json\/wp\/v2\/comments?post=6157"}],"version-history":[{"count":1,"href":"https:\/\/tvc16.com\/portal\/wp-json\/wp\/v2\/posts\/6157\/revisions"}],"predecessor-version":[{"id":6162,"href":"https:\/\/tvc16.com\/portal\/wp-json\/wp\/v2\/posts\/6157\/revisions\/6162"}],"wp:featuredmedia":[{"embeddable":true,"href":"https:\/\/tvc16.com\/portal\/wp-json\/wp\/v2\/media\/6160"}],"wp:attachment":[{"href":"https:\/\/tvc16.com\/portal\/wp-json\/wp\/v2\/media?parent=6157"}],"wp:term":[{"taxonomy":"category","embeddable":true,"href":"https:\/\/tvc16.com\/portal\/wp-json\/wp\/v2\/categories?post=6157"},{"taxonomy":"post_tag","embeddable":true,"href":"https:\/\/tvc16.com\/portal\/wp-json\/wp\/v2\/tags?post=6157"}],"curies":[{"name":"wp","href":"https:\/\/api.w.org\/{rel}","templated":true}]}}