{"id":6165,"date":"2020-11-19T19:57:35","date_gmt":"2020-11-19T22:57:35","guid":{"rendered":"https:\/\/tvc16.com\/portal\/?p=6165"},"modified":"2020-11-19T20:16:05","modified_gmt":"2020-11-19T23:16:05","slug":"comercio-e-bancos-abrem-normalmente-em-sao-paulo-amanha","status":"publish","type":"post","link":"https:\/\/tvc16.com\/portal\/2020\/11\/19\/comercio-e-bancos-abrem-normalmente-em-sao-paulo-amanha\/","title":{"rendered":"Com\u00e9rcio e bancos abrem normalmente em S\u00e3o Paulo nesta sexta-feira (20)"},"content":{"rendered":"\n<h3 class=\"wp-block-heading\">Feriado do Dia da Consci\u00eancia Negra foi antecipado para maio<\/h3>\n\n\n\n<h4 class=\"wp-block-heading\">O Dia da Consci\u00eancia Negra, comemorado amanh\u00e3 (20), n\u00e3o ser\u00e1 feriado na capital paulista. Por causa da pandemia do novo coronav\u00edrus (covid-19), o feriado municipal de 20 de novembro foi antecipado para o m\u00eas de maio. Bancos e o com\u00e9rcio funcionar\u00e3o normalmente.&nbsp;<img decoding=\"async\" src=\"https:\/\/agenciabrasil.ebc.com.br\/ebc.png?id=1394003&amp;o=node\"><img decoding=\"async\" src=\"https:\/\/agenciabrasil.ebc.com.br\/ebc.gif?id=1394003&amp;o=node\"><\/h4>\n\n\n\n<p>Como \u00e9 ponto facultativo nas reparti\u00e7\u00f5es p\u00fablicas municipais da administra\u00e7\u00e3o direta e indireta, algumas reparti\u00e7\u00f5es p\u00fablicas poder\u00e3o estar fechadas. A Biblioteca M\u00e1rio de Andrade e o Centro de Refer\u00eancia de Assist\u00eancia Social (CRAS), por exemplo, estar\u00e3o fechados nesta sexta-feira (20).&nbsp;<\/p>\n\n\n\n<p>J\u00e1 todos os equipamentos municipais de sa\u00fade abrir\u00e3o sem altera\u00e7\u00e3o nos seus hor\u00e1rios de funcionamento, assim como o transporte p\u00fablico de \u00f4nibus, que operar\u00e1 sem mudan\u00e7a em rela\u00e7\u00e3o aos dias \u00fateis.<\/p>\n\n\n\n<p>O rod\u00edzio municipal de ve\u00edculos vai vigorar normalmente, assim como as \u00e1reas de Zona Azul.<\/p>\n\n\n\n<p>Por Bruno Bocchini &#8211; Rep\u00f3rter da Ag\u00eancia Brasil &#8211; S\u00e3o Paulo<\/p>\n\n\n\n<p>Edi\u00e7\u00e3o: Fernando Fraga<\/p>\n","protected":false},"excerpt":{"rendered":"<p>Feriado do Dia da Consci\u00eancia Negra foi antecipado para maio O Dia da Consci\u00eancia Negra,<\/p>\n","protected":false},"author":2,"featured_media":6178,"comment_status":"open","ping_status":"open","sticky":false,"template":"","format":"standard","meta":{"footnotes":""},"categories":[14],"tags":[],"class_list":["post-6165","post","type-post","status-publish","format-standard","has-post-thumbnail","hentry","category-pais"],"_links":{"self":[{"href":"https:\/\/tvc16.com\/portal\/wp-json\/wp\/v2\/posts\/6165","targetHints":{"allow":["GET"]}}],"collection":[{"href":"https:\/\/tvc16.com\/portal\/wp-json\/wp\/v2\/posts"}],"about":[{"href":"https:\/\/tvc16.com\/portal\/wp-json\/wp\/v2\/types\/post"}],"author":[{"embeddable":true,"href":"https:\/\/tvc16.com\/portal\/wp-json\/wp\/v2\/users\/2"}],"replies":[{"embeddable":true,"href":"https:\/\/tvc16.com\/portal\/wp-json\/wp\/v2\/comments?post=6165"}],"version-history":[{"count":3,"href":"https:\/\/tvc16.com\/portal\/wp-json\/wp\/v2\/posts\/6165\/revisions"}],"predecessor-version":[{"id":6179,"href":"https:\/\/tvc16.com\/portal\/wp-json\/wp\/v2\/posts\/6165\/revisions\/6179"}],"wp:featuredmedia":[{"embeddable":true,"href":"https:\/\/tvc16.com\/portal\/wp-json\/wp\/v2\/media\/6178"}],"wp:attachment":[{"href":"https:\/\/tvc16.com\/portal\/wp-json\/wp\/v2\/media?parent=6165"}],"wp:term":[{"taxonomy":"category","embeddable":true,"href":"https:\/\/tvc16.com\/portal\/wp-json\/wp\/v2\/categories?post=6165"},{"taxonomy":"post_tag","embeddable":true,"href":"https:\/\/tvc16.com\/portal\/wp-json\/wp\/v2\/tags?post=6165"}],"curies":[{"name":"wp","href":"https:\/\/api.w.org\/{rel}","templated":true}]}}