{"id":618,"date":"2020-09-17T12:40:49","date_gmt":"2020-09-17T12:40:49","guid":{"rendered":"https:\/\/tvc16.com\/portal\/?p=618"},"modified":"2020-09-17T12:40:49","modified_gmt":"2020-09-17T12:40:49","slug":"governo-diz-que-pretende-atrair-mais-de-r-40-bilhoes-de-investimentos-privados-no-setor-ferroviario","status":"publish","type":"post","link":"https:\/\/tvc16.com\/portal\/2020\/09\/17\/governo-diz-que-pretende-atrair-mais-de-r-40-bilhoes-de-investimentos-privados-no-setor-ferroviario\/","title":{"rendered":"Governo diz que pretende atrair mais de R$ 40 bilh\u00f5es de investimentos privados no setor ferrovi\u00e1rio"},"content":{"rendered":"\n<p>Parceria firmada entre o Minist\u00e9rio da Infraestrutura e a Associa\u00e7\u00e3o Nacional de Transportes de Passageiros sobre Trilhos (ANPTrilhos) prev\u00ea a implementa\u00e7\u00e3o de a\u00e7\u00f5es de fomento no transporte ferrovi\u00e1rio de pessoas no pa\u00eds. Segundo o Governo Federal, a malha ferrovi\u00e1ria brasileira possui mais de 10 mil quil\u00f4metros ociosos ou com baixa utiliza\u00e7\u00e3o para o transporte de carga e que poderiam ser usados por passageiros.&nbsp;<\/p>\n\n\n\n<p>Nos pr\u00f3ximos anos, o governo diz que pretende atrair mais de R$ 40 bilh\u00f5es de investimentos privados no setor ferrovi\u00e1rio. A estimativa \u00e9 que a atual matriz ferrovi\u00e1ria dobre no pa\u00eds nos pr\u00f3ximos oito anos, segundo o Minist\u00e9rio da infraestrutura.&nbsp;<\/p>\n\n\n\n<p>O ministro da Infraestrutura, Tarc\u00edsio de Freitas, em evento sobre o tema, ressaltou a import\u00e2ncia do transporte ferrovi\u00e1rio para a retomada da economia.<\/p>\n\n\n\n<p>\u201cBilh\u00f5es de reais v\u00e3o ser investidos em ferrovias por meio da iniciativa privada. Isso demonstra que o Brasil est\u00e1 comprometido com o setor de Infraestrutura e mostra tamb\u00e9m que o governo est\u00e1 envolvido com o ajuste fiscal\u201d, disse o titular da pasta.<\/p>\n\n\n\n<p>Entre outros pontos, o acordo entre o Minist\u00e9rio da Infraestrutura e a ANPTrilhos tamb\u00e9m estabelece a implementa\u00e7\u00e3o de medidas para a capacita\u00e7\u00e3o dos servidores do governo federal, o compartilhamento de informa\u00e7\u00f5es, estudos e projetos.<\/p>\n\n\n\n<p>Tarc\u00edsio de Freitas afirma que mais investimentos em ferrovias v\u00e3o trazer benef\u00edcios para o setor produtivo brasileiro. \u201cN\u00f3s retomamos os investimentos ferrovi\u00e1rios em grande estilo, levando ferrovias onde est\u00e1 a produ\u00e7\u00e3o e aumentando a oferta desse modal\u201d, explica.<\/p>\n\n\n\n<p>Entre os investimentos privados que o governo pretende atrair ainda neste ano est\u00e3o diversos&nbsp;projetos de malha ferrovi\u00e1ria. Nesta ter\u00e7a-feira (15), a empresa de log\u00edstica Rumo antecipou o pagamento de R$ 5,1 bilh\u00f5es referentes a concess\u00e3o da Malha Paulista e da Ferrovia Norte-Sul. O contrato est\u00e1 previsto para vencer em 2028.<br>&nbsp;<br><br>Fonte: <a href=\"https:\/\/brasil61.com\/noticias\/governo-diz-que-pretende-atrair-mais-de-r-40-bilhoes-de-investimentos-privados-no-setor-ferroviario-bras201843\" target=\"_blank\" rel=\"noreferrer noopener\">Brasil 61<\/a><\/p>\n","protected":false},"excerpt":{"rendered":"<p>Parceria firmada entre o Minist\u00e9rio da Infraestrutura e a Associa\u00e7\u00e3o Nacional de Transportes de Passageiros<\/p>\n","protected":false},"author":2,"featured_media":620,"comment_status":"open","ping_status":"open","sticky":false,"template":"","format":"standard","meta":{"footnotes":""},"categories":[17],"tags":[],"class_list":["post-618","post","type-post","status-publish","format-standard","has-post-thumbnail","hentry","category-outras-noticias"],"_links":{"self":[{"href":"https:\/\/tvc16.com\/portal\/wp-json\/wp\/v2\/posts\/618","targetHints":{"allow":["GET"]}}],"collection":[{"href":"https:\/\/tvc16.com\/portal\/wp-json\/wp\/v2\/posts"}],"about":[{"href":"https:\/\/tvc16.com\/portal\/wp-json\/wp\/v2\/types\/post"}],"author":[{"embeddable":true,"href":"https:\/\/tvc16.com\/portal\/wp-json\/wp\/v2\/users\/2"}],"replies":[{"embeddable":true,"href":"https:\/\/tvc16.com\/portal\/wp-json\/wp\/v2\/comments?post=618"}],"version-history":[{"count":1,"href":"https:\/\/tvc16.com\/portal\/wp-json\/wp\/v2\/posts\/618\/revisions"}],"predecessor-version":[{"id":621,"href":"https:\/\/tvc16.com\/portal\/wp-json\/wp\/v2\/posts\/618\/revisions\/621"}],"wp:featuredmedia":[{"embeddable":true,"href":"https:\/\/tvc16.com\/portal\/wp-json\/wp\/v2\/media\/620"}],"wp:attachment":[{"href":"https:\/\/tvc16.com\/portal\/wp-json\/wp\/v2\/media?parent=618"}],"wp:term":[{"taxonomy":"category","embeddable":true,"href":"https:\/\/tvc16.com\/portal\/wp-json\/wp\/v2\/categories?post=618"},{"taxonomy":"post_tag","embeddable":true,"href":"https:\/\/tvc16.com\/portal\/wp-json\/wp\/v2\/tags?post=618"}],"curies":[{"name":"wp","href":"https:\/\/api.w.org\/{rel}","templated":true}]}}