{"id":6183,"date":"2020-11-19T20:21:46","date_gmt":"2020-11-19T23:21:46","guid":{"rendered":"https:\/\/tvc16.com\/portal\/?p=6183"},"modified":"2020-11-19T20:21:48","modified_gmt":"2020-11-19T23:21:48","slug":"6183","status":"publish","type":"post","link":"https:\/\/tvc16.com\/portal\/2020\/11\/19\/6183\/","title":{"rendered":""},"content":{"rendered":"\n<h2 class=\"wp-block-heading\">TSE marca elei\u00e7\u00e3o em Macap\u00e1 para 6 e&nbsp;20 de dezembro<\/h2>\n\n\n\n<h3 class=\"wp-block-heading\">Vota\u00e7\u00e3o foi adiada em decorr\u00eancia de apag\u00e3o no estado<\/h3>\n\n\n\n<p>O plen\u00e1rio do Tribunal Superior Eleitoral (TSE) decidiu&nbsp;hoje&nbsp;(19), por unanimidade, marcar a elei\u00e7\u00e3o municipal em Macap\u00e1 para os dias&nbsp;6 de dezembro, em primeiro turno, e&nbsp;20 de dezembro, em segundo turno, se houver.<img decoding=\"async\" src=\"https:\/\/agenciabrasil.ebc.com.br\/ebc.png?id=1393957&amp;o=node\"><img decoding=\"async\" src=\"https:\/\/agenciabrasil.ebc.com.br\/ebc.gif?id=1393957&amp;o=node\"><\/p>\n\n\n\n<p>Macap\u00e1 \u00e9 a \u00fanica cidade brasileira que n\u00e3o foi \u00e0s urnas no \u00faltimo&nbsp;domingo&nbsp;(15) para escolher o novo prefeito e os vereadores. O adiamento foi determinado pela&nbsp;<a href=\"http:\/\/agenciabrasil.ebc.com.br\/eleicoes-2020\/noticia\/2020-11\/eleicao-em-macapa-precisa-ocorrer-ainda-neste-ano-determina-tse\" target=\"_blank\" rel=\"noreferrer noopener\">Justi\u00e7a Eleitoral<\/a>&nbsp;na semana passada, em decorr\u00eancia da calamidade p\u00fablica causada pelo apag\u00e3o no estado. As novas datas, por\u00e9m, foram marcadas apenas nesta&nbsp;quinta-feira (18).&nbsp;<\/p>\n\n\n\n<p>Num primeiro momento, o segundo turno seria realizado em&nbsp;27 de dezembro, mas o Tribunal Regional Eleitoral do Amap\u00e1 (TRE-AP) solicitou a antecipa\u00e7\u00e3o para&nbsp;20 de dezembro, para evitar vota\u00e7\u00e3o entre o&nbsp;Natal&nbsp;e o Ano Novo.&nbsp;O plen\u00e1rio da&nbsp;corte local aprovou&nbsp;ontem&nbsp;(18) as novas datas.&nbsp;A proposta foi aceita pelos ministros do TSE, ap\u00f3s sinal verde da \u00e1rea t\u00e9cnica do tribunal.<\/p>\n\n\n\n<p>Pela resolu\u00e7\u00e3o aprovada nesta quinta, as presta\u00e7\u00f5es&nbsp;de contas de candidatos e partidos dever\u00e3o ser apresentadas at\u00e9&nbsp;26 de dezembro. Os gastos, a arrecada\u00e7\u00e3o e a divulga\u00e7\u00e3o de campanha podem prosseguir at\u00e9 os prazos usuais antes da vota\u00e7\u00e3o, consideradas as novas datas.<\/p>\n\n\n\n<p>Em&nbsp;3 de novembro, quase todo o estado sofreu um apag\u00e3o de energia el\u00e9trica. Desde ent\u00e3o, o Amap\u00e1 enfrenta&nbsp;<a href=\"https:\/\/agenciabrasil.ebc.com.br\/geral\/noticia\/2020-11\/instabilidade-desligou-sistema-energetico-que-abastece-o-amapa\" target=\"_blank\" rel=\"noreferrer noopener\">instabilidade<\/a>&nbsp;no fornecimento, que ainda n\u00e3o foi plenamente restabelecido. A falta de energia tem causado outros transtornos, como interrup\u00e7\u00f5es, tamb\u00e9m, no fornecimento de \u00e1gua.<\/p>\n\n\n\n<p>Ap\u00f3s um restabelecimento parcial da distribui\u00e7\u00e3o de energia el\u00e9trica, depois do reparo do transformador da principal subesta\u00e7\u00e3o do estado, o Amap\u00e1 sofreu\u00a0<a rel=\"noreferrer noopener\" href=\"https:\/\/agenciabrasil.ebc.com.br\/geral\/noticia\/2020-11\/Macap%C3%A1-sofre-novo-apagao\" target=\"_blank\">novo apag\u00e3o<\/a>\u00a0na \u00faltima\u00a0ter\u00e7a-feira (16).<\/p>\n\n\n\n<p>Por Felipe Pontes &#8211; Rep\u00f3rter da Ag\u00eancia Brasil &#8211; Bras\u00edlia<\/p>\n\n\n\n<p>Edi\u00e7\u00e3o: Gra\u00e7a Adjuto<\/p>\n","protected":false},"excerpt":{"rendered":"<p>TSE marca elei\u00e7\u00e3o em Macap\u00e1 para 6 e&nbsp;20 de dezembro Vota\u00e7\u00e3o foi adiada em decorr\u00eancia<\/p>\n","protected":false},"author":2,"featured_media":6184,"comment_status":"open","ping_status":"open","sticky":false,"template":"","format":"standard","meta":{"footnotes":""},"categories":[15],"tags":[],"class_list":["post-6183","post","type-post","status-publish","format-standard","has-post-thumbnail","hentry","category-politica"],"_links":{"self":[{"href":"https:\/\/tvc16.com\/portal\/wp-json\/wp\/v2\/posts\/6183","targetHints":{"allow":["GET"]}}],"collection":[{"href":"https:\/\/tvc16.com\/portal\/wp-json\/wp\/v2\/posts"}],"about":[{"href":"https:\/\/tvc16.com\/portal\/wp-json\/wp\/v2\/types\/post"}],"author":[{"embeddable":true,"href":"https:\/\/tvc16.com\/portal\/wp-json\/wp\/v2\/users\/2"}],"replies":[{"embeddable":true,"href":"https:\/\/tvc16.com\/portal\/wp-json\/wp\/v2\/comments?post=6183"}],"version-history":[{"count":1,"href":"https:\/\/tvc16.com\/portal\/wp-json\/wp\/v2\/posts\/6183\/revisions"}],"predecessor-version":[{"id":6185,"href":"https:\/\/tvc16.com\/portal\/wp-json\/wp\/v2\/posts\/6183\/revisions\/6185"}],"wp:featuredmedia":[{"embeddable":true,"href":"https:\/\/tvc16.com\/portal\/wp-json\/wp\/v2\/media\/6184"}],"wp:attachment":[{"href":"https:\/\/tvc16.com\/portal\/wp-json\/wp\/v2\/media?parent=6183"}],"wp:term":[{"taxonomy":"category","embeddable":true,"href":"https:\/\/tvc16.com\/portal\/wp-json\/wp\/v2\/categories?post=6183"},{"taxonomy":"post_tag","embeddable":true,"href":"https:\/\/tvc16.com\/portal\/wp-json\/wp\/v2\/tags?post=6183"}],"curies":[{"name":"wp","href":"https:\/\/api.w.org\/{rel}","templated":true}]}}