{"id":6190,"date":"2020-11-19T20:57:46","date_gmt":"2020-11-19T23:57:46","guid":{"rendered":"https:\/\/tvc16.com\/portal\/?p=6190"},"modified":"2020-11-19T20:57:49","modified_gmt":"2020-11-19T23:57:49","slug":"lockdowns-na-europa-sao-evitaveis-diz-chefe-regional-da-oms","status":"publish","type":"post","link":"https:\/\/tvc16.com\/portal\/2020\/11\/19\/lockdowns-na-europa-sao-evitaveis-diz-chefe-regional-da-oms\/","title":{"rendered":"Lockdowns na Europa s\u00e3o &#8220;evit\u00e1veis&#8221;, diz chefe regional da OMS"},"content":{"rendered":"\n<h3 class=\"wp-block-heading\">Dirigente diz que uso de m\u00e1scaras pode evitar medida<\/h3>\n\n\n\n<h4 class=\"wp-block-heading\">Por Michael Shields, Stephanie Nebehay e Ludwig Burger &#8211; Reuters &#8211; Genebra<\/h4>\n\n\n\n<p>Novos lockdowns na Europa s\u00e3o evit\u00e1veis, inclusive por meio do uso quase universal de m\u00e1scara, disse o diretor regional da Organiza\u00e7\u00e3o Mundial da Sa\u00fade (OMS) para a Europa, Hans Kluge, nesta quinta-feira (19).<img decoding=\"async\" src=\"https:\/\/agenciabrasil.ebc.com.br\/ebc.png?id=1393946&amp;o=node\"><img decoding=\"async\" src=\"https:\/\/agenciabrasil.ebc.com.br\/ebc.gif?id=1393946&amp;o=node\"><\/p>\n\n\n\n<p>&#8220;Os lockdowns s\u00e3o evit\u00e1veis, mantenho minha posi\u00e7\u00e3o de que os lockdowns s\u00e3o uma medida de \u00faltimo recurso. Se o uso da m\u00e1scara atingir 95%, os lockdowns n\u00e3o ser\u00e3o necess\u00e1rios&#8221;, disse Kluge em entrevista coletiva.<\/p>\n\n\n\n<p>As escolas prim\u00e1rias devem ser mantidas abertas, afirmou ele, acrescentando que crian\u00e7as e adolescentes n\u00e3o est\u00e3o provocando a propaga\u00e7\u00e3o do novo coronav\u00edrus, conhecido como Sars-CoV-2, e o fechamento de escolas &#8220;n\u00e3o \u00e9 eficaz&#8221;.<\/p>\n","protected":false},"excerpt":{"rendered":"<p>Dirigente diz que uso de m\u00e1scaras pode evitar medida Por Michael Shields, Stephanie Nebehay e<\/p>\n","protected":false},"author":2,"featured_media":6191,"comment_status":"open","ping_status":"open","sticky":false,"template":"","format":"standard","meta":{"footnotes":""},"categories":[22],"tags":[],"class_list":["post-6190","post","type-post","status-publish","format-standard","has-post-thumbnail","hentry","category-internacional"],"_links":{"self":[{"href":"https:\/\/tvc16.com\/portal\/wp-json\/wp\/v2\/posts\/6190","targetHints":{"allow":["GET"]}}],"collection":[{"href":"https:\/\/tvc16.com\/portal\/wp-json\/wp\/v2\/posts"}],"about":[{"href":"https:\/\/tvc16.com\/portal\/wp-json\/wp\/v2\/types\/post"}],"author":[{"embeddable":true,"href":"https:\/\/tvc16.com\/portal\/wp-json\/wp\/v2\/users\/2"}],"replies":[{"embeddable":true,"href":"https:\/\/tvc16.com\/portal\/wp-json\/wp\/v2\/comments?post=6190"}],"version-history":[{"count":1,"href":"https:\/\/tvc16.com\/portal\/wp-json\/wp\/v2\/posts\/6190\/revisions"}],"predecessor-version":[{"id":6192,"href":"https:\/\/tvc16.com\/portal\/wp-json\/wp\/v2\/posts\/6190\/revisions\/6192"}],"wp:featuredmedia":[{"embeddable":true,"href":"https:\/\/tvc16.com\/portal\/wp-json\/wp\/v2\/media\/6191"}],"wp:attachment":[{"href":"https:\/\/tvc16.com\/portal\/wp-json\/wp\/v2\/media?parent=6190"}],"wp:term":[{"taxonomy":"category","embeddable":true,"href":"https:\/\/tvc16.com\/portal\/wp-json\/wp\/v2\/categories?post=6190"},{"taxonomy":"post_tag","embeddable":true,"href":"https:\/\/tvc16.com\/portal\/wp-json\/wp\/v2\/tags?post=6190"}],"curies":[{"name":"wp","href":"https:\/\/api.w.org\/{rel}","templated":true}]}}