{"id":6193,"date":"2020-11-19T20:59:55","date_gmt":"2020-11-19T23:59:55","guid":{"rendered":"https:\/\/tvc16.com\/portal\/?p=6193"},"modified":"2020-11-19T20:59:58","modified_gmt":"2020-11-19T23:59:58","slug":"recorde-de-casos-leva-toquio-a-adotar-alerta-maximo-contra-covid-19","status":"publish","type":"post","link":"https:\/\/tvc16.com\/portal\/2020\/11\/19\/recorde-de-casos-leva-toquio-a-adotar-alerta-maximo-contra-covid-19\/","title":{"rendered":"Recorde de casos leva T\u00f3quio a adotar alerta m\u00e1ximo contra covid-19"},"content":{"rendered":"\n<h2 class=\"wp-block-heading\">Contagem di\u00e1ria de novas infec\u00e7\u00f5es chegou a 534<\/h2>\n\n\n\n<p>Por Chang-Ran Kim &#8211; Rep\u00f3rter da Reuters &#8211; T\u00f3quio<\/p>\n\n\n\n<p>T\u00f3quio elevou o alerta do novo&nbsp;coronav\u00edrus para o n\u00edvel m\u00e1ximo nesta&nbsp;quinta-feira (19), j\u00e1 que sua contagem di\u00e1ria de novas infec\u00e7\u00f5es alcan\u00e7ou o recorde de 534. A&nbsp;governadora de T\u00f3quio, Yuriko Koike, pediu o m\u00e1ximo de cautela agora que as festas de fim de ano se aproximam.<img decoding=\"async\" src=\"https:\/\/agenciabrasil.ebc.com.br\/ebc.png?id=1393952&amp;o=node\"><img decoding=\"async\" src=\"https:\/\/agenciabrasil.ebc.com.br\/ebc.gif?id=1393952&amp;o=node\"><\/p>\n\n\n\n<p>A contagem&nbsp;tamb\u00e9m atingiu uma nova alta de 2.363, de acordo com a emissora p\u00fablica NHK.<\/p>\n\n\n\n<p>Mas \u00e9 a dissemina\u00e7\u00e3o do v\u00edrus na metr\u00f3pole de T\u00f3quio, que espera sediar os Jogos Ol\u00edmpicos remarcados para o ano que vem, que causa mais alarme.<\/p>\n\n\n\n<p>&#8220;O n\u00famero de casos do novo&nbsp;coronav\u00edrus est\u00e1 aumentando, ent\u00e3o estamos estudando quais medidas ser\u00e3o necess\u00e1rias tendo em vista que as infec\u00e7\u00f5es podem chegar a mil casos por dia&#8221;, disse Yuriko Koike.<\/p>\n\n\n\n<p>Para ela, a quantidade de casos crescer\u00e1 ainda mais devido ao aumento dos exames. A governadora enfatizou a necessidade de evitar a eleva\u00e7\u00e3o do n\u00famero de pacientes gravemente doentes.<\/p>\n\n\n\n<p>O alerta mais alto de uma escala de quatro indica que &#8220;as infec\u00e7\u00f5es est\u00e3o se disseminando&#8221; na compara\u00e7\u00e3o com o alerta anterior e segundo mais alto, &#8220;as infec\u00e7\u00f5es est\u00e3o come\u00e7ando a se disseminar&#8221;.<\/p>\n\n\n\n<p>O primeiro-ministro japon\u00eas, Yoshihide Suga, afirmou&nbsp;que o governo est\u00e1 cogitando endurecer as diretrizes para se comer fora, como limitar a iniciativa subsidiada &#8220;V\u00e1 Comer&#8221; a grupos de at\u00e9 quatro pessoas.<\/p>\n","protected":false},"excerpt":{"rendered":"<p>Contagem di\u00e1ria de novas infec\u00e7\u00f5es chegou a 534 Por Chang-Ran Kim &#8211; Rep\u00f3rter da Reuters<\/p>\n","protected":false},"author":2,"featured_media":6194,"comment_status":"open","ping_status":"open","sticky":false,"template":"","format":"standard","meta":{"footnotes":""},"categories":[22],"tags":[],"class_list":["post-6193","post","type-post","status-publish","format-standard","has-post-thumbnail","hentry","category-internacional"],"_links":{"self":[{"href":"https:\/\/tvc16.com\/portal\/wp-json\/wp\/v2\/posts\/6193","targetHints":{"allow":["GET"]}}],"collection":[{"href":"https:\/\/tvc16.com\/portal\/wp-json\/wp\/v2\/posts"}],"about":[{"href":"https:\/\/tvc16.com\/portal\/wp-json\/wp\/v2\/types\/post"}],"author":[{"embeddable":true,"href":"https:\/\/tvc16.com\/portal\/wp-json\/wp\/v2\/users\/2"}],"replies":[{"embeddable":true,"href":"https:\/\/tvc16.com\/portal\/wp-json\/wp\/v2\/comments?post=6193"}],"version-history":[{"count":1,"href":"https:\/\/tvc16.com\/portal\/wp-json\/wp\/v2\/posts\/6193\/revisions"}],"predecessor-version":[{"id":6195,"href":"https:\/\/tvc16.com\/portal\/wp-json\/wp\/v2\/posts\/6193\/revisions\/6195"}],"wp:featuredmedia":[{"embeddable":true,"href":"https:\/\/tvc16.com\/portal\/wp-json\/wp\/v2\/media\/6194"}],"wp:attachment":[{"href":"https:\/\/tvc16.com\/portal\/wp-json\/wp\/v2\/media?parent=6193"}],"wp:term":[{"taxonomy":"category","embeddable":true,"href":"https:\/\/tvc16.com\/portal\/wp-json\/wp\/v2\/categories?post=6193"},{"taxonomy":"post_tag","embeddable":true,"href":"https:\/\/tvc16.com\/portal\/wp-json\/wp\/v2\/tags?post=6193"}],"curies":[{"name":"wp","href":"https:\/\/api.w.org\/{rel}","templated":true}]}}