{"id":6196,"date":"2020-11-19T21:04:59","date_gmt":"2020-11-20T00:04:59","guid":{"rendered":"https:\/\/tvc16.com\/portal\/?p=6196"},"modified":"2020-11-19T21:16:36","modified_gmt":"2020-11-20T00:16:36","slug":"regulamentacao-do-fundeb-aguarda-votacao-no-congresso","status":"publish","type":"post","link":"https:\/\/tvc16.com\/portal\/2020\/11\/19\/regulamentacao-do-fundeb-aguarda-votacao-no-congresso\/","title":{"rendered":"Regulamenta\u00e7\u00e3o do Fundeb aguarda vota\u00e7\u00e3o no Congresso"},"content":{"rendered":"\n<p>Relat\u00f3rio apresentado nessa segunda (16) traz pontos discutidos em debates p\u00fablicos e estudos em torno do tema; documento precisa ser votado ainda neste ano para que o Fundo, j\u00e1 aprovado, seja regulamentado<\/p>\n\n\n\n<p>Em agosto deste ano, o Fundo de Manuten\u00e7\u00e3o e Desenvolvimento da Educa\u00e7\u00e3o B\u00e1sica (Fundeb) passou a ser permanente. Em vigor desde 2007, o Fundo seria extinto em dezembro deste ano, caso n\u00e3o houvesse movimenta\u00e7\u00e3o em torno do tema. A vota\u00e7\u00e3o no Congresso Nacional para aprovar a medida foi hist\u00f3rica e un\u00e2nime, mas pontos importantes da nova emenda constitucional podem ficar de fora no ano que vem \u2013 isso se o relat\u00f3rio que regulamenta o Fundeb, apresentado nessa segunda-feira (16), n\u00e3o for apreciado e votado ainda neste ano.<\/p>\n\n\n\n<p>O relator do <a href=\"https:\/\/www.camara.leg.br\/proposicoesWeb\/fichadetramitacao?idProposicao=2261121\" target=\"_blank\" rel=\"noreferrer noopener\">PL 4372\/2020<\/a>, deputado Felipe Rigoni (PSB-ES), entregou a primeira vers\u00e3o do texto a partir de estudos realizados pelo gabinete compartilhado dos parlamentares do Movimento Acredito. Rigoni acrescentou tamb\u00e9m ao relat\u00f3rio sugest\u00f5es compartilhadas em pelo menos cinco debates p\u00fablicos virtuais, realizados de agosto para c\u00e1 \u2013 segundo ele, envolvendo 35 mil espectadores.&nbsp;<\/p>\n\n\n\n<p>\u201cOs munic\u00edpios e estados brasileiros vivem realidades econ\u00f4micas muito diferentes. O Brasil \u00e9 muito diverso e muito desigual e a pandemia tornou ainda mais urgente essa nova inje\u00e7\u00e3o de dinheiro de uma maneira muito espec\u00edfica\u201d, avalia Rigoni. &nbsp;<\/p>\n\n\n\n<p>Entre os sete pontos destacados pelo relator do PL, est\u00e3o itens que v\u00e3o ajudar a diminuir a desigualdade, por meio da nova metodologia de distribui\u00e7\u00e3o geral de recursos Valor Aluno Ano Total (VAAT); promover mais desenvolvimento, injetando 50% dos recursos gerais na educa\u00e7\u00e3o infantil; e dar mais transpar\u00eancia, padronizando a presta\u00e7\u00e3o de contas no sistema do Minist\u00e9rio da Educa\u00e7\u00e3o (MEC). &nbsp;\u201cO principal ponto, e talvez um dos mais importantes do relat\u00f3rio, \u00e9 que o Fundeb reduz ainda mais as desigualdades de financiamento da educa\u00e7\u00e3o\u201d, acredita o parlamentar.&nbsp;<\/p>\n\n\n\n<figure class=\"wp-block-image\"><img decoding=\"async\" src=\"\/\/s3-sa-east-1.amazonaws.com\/agencia-radio-arb\/3168\/content_WhatsApp_Image_2020-11-18_at_13.56.31.jpeg\" alt=\"\" title=\"Cria\u00e7\u00e3o: \u00c9rica Passos\"\/><\/figure>\n\n\n\n<p>O l\u00edder de Estrat\u00e9gia Pol\u00edtica do Todos pela Educa\u00e7\u00e3o, Lucas Hoogerbrugge, considera como \u201ccompleto\u201d o relat\u00f3rio preliminar apresentado pelo parlamentar. \u201cEle traz todos os elementos necess\u00e1rios para a operacionaliza\u00e7\u00e3o do Fundeb em 2021 e deixa alguns temas, que j\u00e1 eram consenso na C\u00e2mara dos Deputados, para regulamentar na atualiza\u00e7\u00e3o da lei no ano que vem. E esses temas j\u00e1 circunscrevem de forma muito espec\u00edfica, dizendo qual o direcionamento que eles devem tomar na atualiza\u00e7\u00e3o da lei, o que parece positivo para que o texto seja coerente com o que est\u00e1 sendo discutido\u201d, pontua.&nbsp;<\/p>\n\n\n\n<p>Na opini\u00e3o dele, uma das maiores pol\u00eamicas sobre o assunto \u2013 o conveniamento no ensino fundamental e m\u00e9dio \u2013 n\u00e3o entrou no texto preliminar, o que pode ser positivo para n\u00e3o travar a aprova\u00e7\u00e3o do projeto no Congresso Nacional. \u201cSe isso continuar assim, n\u00e3o haver\u00e1 muito problema na vota\u00e7\u00e3o\u201d, aposta.&nbsp;<\/p>\n\n\n\n<p>A mat\u00e9ria tem sido mantida em obstru\u00e7\u00e3o pelo Governo Federal \u2013 isso porque o relat\u00f3rio apresentado pelo deputado Felipe Rigoni n\u00e3o atende a expectativa da equipe de Jair Bolsonaro de estender o escopo de escolas privadas sem fins lucrativos aptas a receber recursos do fundo. O texto mant\u00e9m a autoriza\u00e7\u00e3o apenas para a educa\u00e7\u00e3o infantil, que engloba creche e pr\u00e9-escola, e educa\u00e7\u00e3o no campo e especial. Nesse campo, a novidade que Rigoni apresenta \u00e9 com rela\u00e7\u00e3o \u00e0 educa\u00e7\u00e3o profissional de ensino m\u00e9dio, com a possibilidade de recursos do Fundo serem direcionados para unidades privadas sem fins lucrativos que atuem nessa modalidade.<\/p>\n\n\n\n<p>\u201cEsses entraves est\u00e3o sendo colocados mais pelo governo e por certos segmentos do setor privado, que querem uma garantia de destina\u00e7\u00e3o de recursos do Fundeb para a educa\u00e7\u00e3o b\u00e1sica privada. Para mim, isso \u00e9 muito complicado, porque voc\u00ea n\u00e3o pode tirar dinheiro das escolas p\u00fablicas para as institui\u00e7\u00f5es privadas, ainda que elas se declarem filantr\u00f3picas. Afinal, a educa\u00e7\u00e3o p\u00fablica, gratuita e de qualidade tem de ser o maior compromisso do Estado\u201d, decreta o pesquisador e doutor em psicologia educacional Afonso Galv\u00e3o.&nbsp;<\/p>\n\n\n\n<p>\u201cRetirar recursos para institui\u00e7\u00f5es privadas \u00e9 um desservi\u00e7o que pode prejudicar ainda mais a educa\u00e7\u00e3o b\u00e1sica p\u00fablica. A educa\u00e7\u00e3o b\u00e1sica, num contexto geral, tem sido uma das sacrificadas da educa\u00e7\u00e3o brasileira, mais at\u00e9 que os outros segmentos. \u00c9 um ponto pol\u00eamico, mas acredito que n\u00e3o vai passar nesse relat\u00f3rio\u201d, aposta Galv\u00e3o. &nbsp;<\/p>\n\n\n\n<figure class=\"wp-block-image\"><img decoding=\"async\" src=\"\/\/s3-sa-east-1.amazonaws.com\/agencia-radio-arb\/3169\/content_olho-alfonso-galvao_%281%29.png\" alt=\"\" title=\"Cria\u00e7\u00e3o: \u00c9rica Passos\"\/><\/figure>\n\n\n\n<p>Um dos maiores riscos da n\u00e3o aprova\u00e7\u00e3o da regulamenta\u00e7\u00e3o do Fundeb ainda neste ano, na avalia\u00e7\u00e3o de Lucas Hoogerbrugge, \u00e9 a falta de recursos no setor para os munic\u00edpios. \u201cCaso a regulamenta\u00e7\u00e3o do Fundo n\u00e3o seja aprovada muito em breve, corremos o risco de ter aproximadamente 1,5 mil munic\u00edpios deixando de receber mais de R$ 3 bilh\u00f5es no ano que vem\u201d, alerta. &nbsp;<\/p>\n\n\n\n<p>\u201cE isso em um ano que vai ser essencialmente cr\u00edtico para a educa\u00e7\u00e3o, j\u00e1 que envolve a retomada das aulas presenciais, no momento que for seguro e com o devido planejamento. Consequentemente, vai envolver mais recursos para resolver esse processo de forma articulada entre alunos, professores e fam\u00edlias\u201d, completa Hoogerbrugge. &nbsp;<\/p>\n\n\n\n<p>A expectativa \u00e9 de que o relat\u00f3rio siga direto para o plen\u00e1rio da C\u00e2mara e, em seguida, para o do Senado, j\u00e1 que, por conta da pandemia, as comiss\u00f5es n\u00e3o est\u00e3o em funcionamento. \u201cConsiderando que ainda h\u00e1 algumas etapas e \u00e9 uma mat\u00e9ria extremamente importante para o Pa\u00eds, seria interessante que a pauta na C\u00e2mara dos Deputados fosse desobstru\u00edda e a vota\u00e7\u00e3o ocorresse o mais r\u00e1pido poss\u00edvel\u201d, defende Lucas.&nbsp;<\/p>\n\n\n\n<p><strong><a href=\"https:\/\/brasil61.com\/noticias\/com-promulgacao-de-emenda-constitucional-fundeb-passa-a-ser-permanente-bras201529\" target=\"_blank\" rel=\"noreferrer noopener\">Com promulga\u00e7\u00e3o de Emenda Constitucional, Fundeb passa a ser permanente<\/a><\/strong><\/p>\n\n\n\n<p><strong><a href=\"https:\/\/brasil61.com\/noticias\/mec-pretende-elaborar-uma-matriz-nacional-comum-de-competencias-do-diretor-escolar-bras202643\" target=\"_blank\" rel=\"noreferrer noopener\">MEC pretende elaborar uma Matriz Nacional Comum de Compet\u00eancias do Diretor Escolar<\/a><\/strong><\/p>\n\n\n\n<p><strong><a href=\"https:\/\/brasil61.com\/noticias\/especial-conselho-tutelar-atua-como-guardiao-dos-direitos-de-criancas-e-adolescentes-em-todo-o-brasil-bras202630\" target=\"_blank\" rel=\"noreferrer noopener\">Especial: conselho tutelar atua como guardi\u00e3o dos direitos de crian\u00e7as e adolescentes em todo o Brasil<\/a><\/strong><\/p>\n\n\n\n<h2 class=\"wp-block-heading\">Recursos<\/h2>\n\n\n\n<p>O Fundeb \u00e9 considerado, hoje, essencial para o ensino p\u00fablico no Pa\u00eds, j\u00e1 que refor\u00e7a o investimento no setor em estados, munic\u00edpios e Distrito Federal. Com a aprova\u00e7\u00e3o da PEC, o Fundeb se torna permanente e traz entre as principais mudan\u00e7as a amplia\u00e7\u00e3o da participa\u00e7\u00e3o federal no Fundeb. O fundo \u00e9 composto por contribui\u00e7\u00f5es dos estados, DF e munic\u00edpios, al\u00e9m de uma contribui\u00e7\u00e3o da Uni\u00e3o sobre esses valores, que \u00e9 de 10% hoje. Gradualmente, esse percentual vai subir, alcan\u00e7ando o teto de 23% em 2026 em diante.&nbsp;<\/p>\n\n\n\n<p>No entanto, 16 pontos precisam de regras espec\u00edficas para que os governos estaduais movimentem o Fundo, sendo que dez deles s\u00f3 poder\u00e3o funcionar no pr\u00f3ximo ano com a aprova\u00e7\u00e3o da regulamenta\u00e7\u00e3o no Congresso. A vota\u00e7\u00e3o est\u00e1 prevista para ocorrer ainda em novembro.&nbsp;<\/p>\n\n\n\n<p>Fonte: <a href=\"https:\/\/brasil61.com\/noticias\/regulamentacao-do-fundeb-aguarda-votacao-no-congresso-bras202688?email=bethdeoliveira@yahoo.com.br&amp;utm_source=newsletter&amp;utm_medium=newsletter&amp;utm_campaign=newsletter\" target=\"_blank\" rel=\"noreferrer noopener\">Brasil 61<\/a><\/p>\n","protected":false},"excerpt":{"rendered":"<p>Relat\u00f3rio apresentado nessa segunda (16) traz pontos discutidos em debates p\u00fablicos e estudos em torno<\/p>\n","protected":false},"author":2,"featured_media":6205,"comment_status":"open","ping_status":"open","sticky":false,"template":"","format":"standard","meta":{"footnotes":""},"categories":[19],"tags":[],"class_list":["post-6196","post","type-post","status-publish","format-standard","has-post-thumbnail","hentry","category-educacao"],"_links":{"self":[{"href":"https:\/\/tvc16.com\/portal\/wp-json\/wp\/v2\/posts\/6196","targetHints":{"allow":["GET"]}}],"collection":[{"href":"https:\/\/tvc16.com\/portal\/wp-json\/wp\/v2\/posts"}],"about":[{"href":"https:\/\/tvc16.com\/portal\/wp-json\/wp\/v2\/types\/post"}],"author":[{"embeddable":true,"href":"https:\/\/tvc16.com\/portal\/wp-json\/wp\/v2\/users\/2"}],"replies":[{"embeddable":true,"href":"https:\/\/tvc16.com\/portal\/wp-json\/wp\/v2\/comments?post=6196"}],"version-history":[{"count":1,"href":"https:\/\/tvc16.com\/portal\/wp-json\/wp\/v2\/posts\/6196\/revisions"}],"predecessor-version":[{"id":6198,"href":"https:\/\/tvc16.com\/portal\/wp-json\/wp\/v2\/posts\/6196\/revisions\/6198"}],"wp:featuredmedia":[{"embeddable":true,"href":"https:\/\/tvc16.com\/portal\/wp-json\/wp\/v2\/media\/6205"}],"wp:attachment":[{"href":"https:\/\/tvc16.com\/portal\/wp-json\/wp\/v2\/media?parent=6196"}],"wp:term":[{"taxonomy":"category","embeddable":true,"href":"https:\/\/tvc16.com\/portal\/wp-json\/wp\/v2\/categories?post=6196"},{"taxonomy":"post_tag","embeddable":true,"href":"https:\/\/tvc16.com\/portal\/wp-json\/wp\/v2\/tags?post=6196"}],"curies":[{"name":"wp","href":"https:\/\/api.w.org\/{rel}","templated":true}]}}