{"id":6202,"date":"2020-11-19T21:11:34","date_gmt":"2020-11-20T00:11:34","guid":{"rendered":"https:\/\/tvc16.com\/portal\/?p=6202"},"modified":"2020-11-19T21:11:37","modified_gmt":"2020-11-20T00:11:37","slug":"covid-19-pode-ter-causado-impacto-na-reeleicao-de-alguns-prefeitos","status":"publish","type":"post","link":"https:\/\/tvc16.com\/portal\/2020\/11\/19\/covid-19-pode-ter-causado-impacto-na-reeleicao-de-alguns-prefeitos\/","title":{"rendered":"Covid-19 pode ter causado impacto na reelei\u00e7\u00e3o de alguns prefeitos"},"content":{"rendered":"\n<p>Foram analisados 180 munic\u00edpios com \u00edndices acima da m\u00e9dia nacional uma semana antes das elei\u00e7\u00f5es e, ainda assim, a maioria dos prefeitos foram reeleitos<\/p>\n\n\n\n<p>As elei\u00e7\u00f5es deste ano v\u00e3o marcar a hist\u00f3ria pol\u00edtica do Brasil por terem sido realizadas sob a <strong><a href=\"https:\/\/www.gov.br\/saude\/pt-br\/assuntos\/noticias\/brasil-registra-5-361-592-milhoes-de-pessoas-recuperadas\">carga pesada da Covid-19<\/a><\/strong> e todos os limitadores que essa doen\u00e7a trouxe para nosso cotidiano. Primeiro que n\u00e3o foi poss\u00edvel manter aglomera\u00e7\u00e3o, o que restringiu os atos pol\u00edticos e, segundo, porque assistimos os meses do ano transcorrerem de maneira veloz quanto o coronav\u00edrus se espalhava pelo mundo.<br><br>O que a pandemia impactou nesta vota\u00e7\u00e3o \u00e9 algo que podemos come\u00e7ar a avaliar com base nos dados que o portal Brasil61.com levantou antes do pleito come\u00e7ar. Nossa reportagem apurou dados do <strong><a href=\"https:\/\/www.tse.jus.br\/\">Tribunal Superior Eleitoral (TSE)<\/a><\/strong> que 182 munic\u00edpios estavam com taxas acima da m\u00e9dia nacional em rela\u00e7\u00e3o \u00e0 letalidade da doen\u00e7a e a incid\u00eancia de casos por 100 mil habitantes. Deste total, 50 candidatos \u00e0 prefeitura da cidade tentavam uma reelei\u00e7\u00e3o.<br><br>Agora que temos o resultado da vota\u00e7\u00e3o em todos esses munic\u00edpios, podemos ter um olhar mais claro sobre essa quest\u00e3o, pois 30% dos candidatos foram reeleitos, sendo dois sub judice, e um n\u00e3o reeleito, mas, tamb\u00e9m, sub judice. Isso significa que 60% daqueles 50 prefeitos conseguiram se manter na cadeira pol\u00edtica. Aqui vale esclarecer que \u201csub judice\u201d \u00e9 uma express\u00e3o em latim que significa &#8220;em julgamento&#8221;, o que indica um caso ou processo em particular sendo julgado ou est\u00e1 aguardando por uma decis\u00e3o do juiz.<\/p>\n\n\n\n<p><img decoding=\"async\" alt=\"\" src=\"\/\/s3-sa-east-1.amazonaws.com\/agencia-radio-arb\/3158\/content_primeiro-turno2.png\"><br><br>De certa forma, os resultados preliminares dessa vota\u00e7\u00e3o colocam \u00e0 mesa do jogo pol\u00edtico, uma s\u00e9rie de cartas na forma de opini\u00f5es do eleitorado a respeito da posi\u00e7\u00e3o que os candidatos adotaram em meio \u00e0 pandemia. E, como explica o cientista pol\u00edtico Nau\u00ea Bernardo, apesar de ser um ponto a se avaliar, n\u00e3o \u00e9 poss\u00edvel afirmar categoricamente que esse processo eleitoral foi uma esp\u00e9cie de referendo a respeito das medidas de combate \u00e0 Covid-19 por parte dos gestores que pretendiam se reeleger. &nbsp;<br><br>O cientista pol\u00edtico afirma que existem outros fatores a serem observados em um pleito deste tipo. \u201cO que parece realmente \u00e9 que os pol\u00edticos locais entenderam que essa \u00e9 uma pauta bastante sens\u00edvel e muitos daqueles que prometeram continuar com as mesmas medidas ou at\u00e9 arrojar no combate \u00e0 pandemia, acabaram tendo essa aprova\u00e7\u00e3o nas urnas. Mas \u00e9 preciso levar em considera\u00e7\u00e3o o conjunto do trabalho, e em uma elei\u00e7\u00e3o municipal t\u00e3o importante quanto essas quest\u00f5es macro, s\u00e3o as quest\u00f5es micro. O eleitor vai olhar para ver se a rua est\u00e1 asfaltada, se a cidade est\u00e1 bem tratada e isso \u00e9 importante de ser levado em considera\u00e7\u00e3o\u201d, destacou.<\/p>\n\n\n\n<p><strong><a href=\"https:\/\/brasil61.com\/noticias\/eleicoes-2020-atuacao-dos-gestores-municipais-durante-a-pandemia-deve-impactar-diretamente-a-decisao-do-eleitor-bras202579\">Elei\u00e7\u00f5es 2020: Atua\u00e7\u00e3o dos gestores municipais durante a pandemia deve impactar diretamente a decis\u00e3o do eleitor<\/a><\/strong><\/p>\n\n\n\n<p><a href=\"https:\/\/brasil61.com\/noticias\/justificativas-de-ausencia-de-voto-poderao-ser-feitas-pelo-aplicativo-e-titulo-bras202534\"><strong>Justificativas de aus\u00eancia de voto poder\u00e3o ser feitas pelo aplicativo e-T\u00edtulo<\/strong><\/a><br><br>A forma como cada candidato ou gestor p\u00fablico agiu do come\u00e7o do ano at\u00e9 agora pode ser um dos fatores que contribuem para ganho de votos ou a perda, mas existem outros pontos que o eleitor analisa. \u00c9 preciso compreender como o munic\u00edpio estava preparado para combater a pandemia, pois de acordo com o m\u00e9dico infectologista, Hemerson Luz, esse tipo de impacto nas urnas \u00e9 provocado por uma rea\u00e7\u00e3o em cadeia. &nbsp;<br><br>\u201cUma pessoa de um munic\u00edpio que precisa de um leito de UTI e n\u00e3o consegue, vai ter um impacto direto na letalidade [que a doen\u00e7a causa no munic\u00edpio]. Essa pessoa pode vir \u00e0 \u00f3bito porque n\u00e3o conseguiu, a tempo, o cuidado intensivo que estava precisando. Isso vai sensibilizar aquela fam\u00edlia, aquela comunidade a qual pertence a pessoa. Al\u00e9m da taxa de letalidade, os eleitores v\u00e3o encarar como foram as pol\u00edticas p\u00fablicas para a sa\u00fade\u201d, descreveu o m\u00e9dico. &nbsp;<br><br>No pr\u00f3ximo dia 29, \u00faltimo domingo deste m\u00eas, ser\u00e1 realizado o segundo turno das elei\u00e7\u00f5es. Vale lembrar algumas orienta\u00e7\u00f5es de seguran\u00e7a contra a Covid-19 como levar sua m\u00e1scara, manter dist\u00e2ncia de, pelo menos, um metro e meio da outra pessoa, al\u00e9m de higienizar as m\u00e3os.<\/p>\n\n\n\n<p>Fonte: <a href=\"https:\/\/brasil61.com\/noticias\/covid-19-pode-ter-causado-impacto-na-reeleicao-de-alguns-prefeitos-bras202666?email=bethdeoliveira@yahoo.com.br&amp;utm_source=newsletter&amp;utm_medium=newsletter&amp;utm_campaign=newsletter\" target=\"_blank\" rel=\"noreferrer noopener\">Brasil 61<\/a><\/p>\n","protected":false},"excerpt":{"rendered":"<p>Foram analisados 180 munic\u00edpios com \u00edndices acima da m\u00e9dia nacional uma semana antes das elei\u00e7\u00f5es<\/p>\n","protected":false},"author":2,"featured_media":6203,"comment_status":"open","ping_status":"open","sticky":false,"template":"","format":"standard","meta":{"footnotes":""},"categories":[17],"tags":[],"class_list":["post-6202","post","type-post","status-publish","format-standard","has-post-thumbnail","hentry","category-outras-noticias"],"_links":{"self":[{"href":"https:\/\/tvc16.com\/portal\/wp-json\/wp\/v2\/posts\/6202","targetHints":{"allow":["GET"]}}],"collection":[{"href":"https:\/\/tvc16.com\/portal\/wp-json\/wp\/v2\/posts"}],"about":[{"href":"https:\/\/tvc16.com\/portal\/wp-json\/wp\/v2\/types\/post"}],"author":[{"embeddable":true,"href":"https:\/\/tvc16.com\/portal\/wp-json\/wp\/v2\/users\/2"}],"replies":[{"embeddable":true,"href":"https:\/\/tvc16.com\/portal\/wp-json\/wp\/v2\/comments?post=6202"}],"version-history":[{"count":1,"href":"https:\/\/tvc16.com\/portal\/wp-json\/wp\/v2\/posts\/6202\/revisions"}],"predecessor-version":[{"id":6204,"href":"https:\/\/tvc16.com\/portal\/wp-json\/wp\/v2\/posts\/6202\/revisions\/6204"}],"wp:featuredmedia":[{"embeddable":true,"href":"https:\/\/tvc16.com\/portal\/wp-json\/wp\/v2\/media\/6203"}],"wp:attachment":[{"href":"https:\/\/tvc16.com\/portal\/wp-json\/wp\/v2\/media?parent=6202"}],"wp:term":[{"taxonomy":"category","embeddable":true,"href":"https:\/\/tvc16.com\/portal\/wp-json\/wp\/v2\/categories?post=6202"},{"taxonomy":"post_tag","embeddable":true,"href":"https:\/\/tvc16.com\/portal\/wp-json\/wp\/v2\/tags?post=6202"}],"curies":[{"name":"wp","href":"https:\/\/api.w.org\/{rel}","templated":true}]}}