{"id":6206,"date":"2020-11-19T21:23:06","date_gmt":"2020-11-20T00:23:06","guid":{"rendered":"https:\/\/tvc16.com\/portal\/?p=6206"},"modified":"2020-11-19T21:54:55","modified_gmt":"2020-11-20T00:54:55","slug":"unicef-oferece-cursos-gratuitos-para-profissionais-que-atuam-com-criancas-e-adolescentes","status":"publish","type":"post","link":"https:\/\/tvc16.com\/portal\/2020\/11\/19\/unicef-oferece-cursos-gratuitos-para-profissionais-que-atuam-com-criancas-e-adolescentes\/","title":{"rendered":"Unicef oferece cursos gratuitos para profissionais que atuam com crian\u00e7as e adolescentes"},"content":{"rendered":"\n<p>Cada curso tem quatro horas de dura\u00e7\u00e3o e ocorre pela internet<\/p>\n\n\n\n<p>Unicef lan\u00e7ou tr\u00eas cursos gratuitos voltados a profissionais que atuam com crian\u00e7as e adolescentes. Cada curso tem quatro horas de dura\u00e7\u00e3o e ocorre pela internet. As aulas ser\u00e3o dos seguintes temas: fortalecimento psicossocial da comunidade escolar, comunidade escolar na resposta \u00e0s viol\u00eancias e sistema de garantia dos direitos no enfrentamento \u00e0 exclus\u00e3o escolar.<\/p>\n\n\n\n<p>As vagas s\u00e3o limitadas. O Unicef afirma que o objetivo da iniciativa \u00e9 contribuir para a diminui\u00e7\u00e3o das desigualdades durante a pandemia. Podem participar dos cursos, profissionais da \u00e1rea de educa\u00e7\u00e3o, gestores p\u00fablicos, agentes socioassistenciais, entre outros.<\/p>\n\n\n\n<p><strong><a href=\"https:\/\/brasil61.com\/noticias\/especial-entre-agressoes-verbais-e-ameacas-de-morte-conselheiros-tutelares-lutam-para-desempenhar-funcao-bras202648\" target=\"_blank\" rel=\"noreferrer noopener\">Especial: entre agress\u00f5es verbais e amea\u00e7as de morte, conselheiros tutelares lutam para desempenhar fun\u00e7\u00e3o<\/a><\/strong><\/p>\n\n\n\n<p>Para mais informa\u00e7\u00f5es e para se inscrever nas aulas, acesse: <a href=\"http:\/\/www.unicef.org\" target=\"_blank\" rel=\"noreferrer noopener\">www.unicef.org<\/a><\/p>\n\n\n\n<p>Fonte: <a href=\"https:\/\/brasil61.com\/noticias\/unicef-oferece-cursos-gratuitos-para-profissionais-que-atuam-com-criancas-e-adolescentes-bras202661?email=bethdeoliveira@yahoo.com.br&amp;utm_source=newsletter&amp;utm_medium=newsletter&amp;utm_campaign=newsletter\" target=\"_blank\" rel=\"noreferrer noopener\">Brasil 61<\/a><\/p>\n","protected":false},"excerpt":{"rendered":"<p>Cada curso tem quatro horas de dura\u00e7\u00e3o e ocorre pela internet Unicef lan\u00e7ou tr\u00eas cursos<\/p>\n","protected":false},"author":2,"featured_media":6209,"comment_status":"open","ping_status":"open","sticky":false,"template":"","format":"standard","meta":{"footnotes":""},"categories":[19],"tags":[],"class_list":["post-6206","post","type-post","status-publish","format-standard","has-post-thumbnail","hentry","category-educacao"],"_links":{"self":[{"href":"https:\/\/tvc16.com\/portal\/wp-json\/wp\/v2\/posts\/6206","targetHints":{"allow":["GET"]}}],"collection":[{"href":"https:\/\/tvc16.com\/portal\/wp-json\/wp\/v2\/posts"}],"about":[{"href":"https:\/\/tvc16.com\/portal\/wp-json\/wp\/v2\/types\/post"}],"author":[{"embeddable":true,"href":"https:\/\/tvc16.com\/portal\/wp-json\/wp\/v2\/users\/2"}],"replies":[{"embeddable":true,"href":"https:\/\/tvc16.com\/portal\/wp-json\/wp\/v2\/comments?post=6206"}],"version-history":[{"count":1,"href":"https:\/\/tvc16.com\/portal\/wp-json\/wp\/v2\/posts\/6206\/revisions"}],"predecessor-version":[{"id":6208,"href":"https:\/\/tvc16.com\/portal\/wp-json\/wp\/v2\/posts\/6206\/revisions\/6208"}],"wp:featuredmedia":[{"embeddable":true,"href":"https:\/\/tvc16.com\/portal\/wp-json\/wp\/v2\/media\/6209"}],"wp:attachment":[{"href":"https:\/\/tvc16.com\/portal\/wp-json\/wp\/v2\/media?parent=6206"}],"wp:term":[{"taxonomy":"category","embeddable":true,"href":"https:\/\/tvc16.com\/portal\/wp-json\/wp\/v2\/categories?post=6206"},{"taxonomy":"post_tag","embeddable":true,"href":"https:\/\/tvc16.com\/portal\/wp-json\/wp\/v2\/tags?post=6206"}],"curies":[{"name":"wp","href":"https:\/\/api.w.org\/{rel}","templated":true}]}}