{"id":6215,"date":"2020-11-20T12:55:12","date_gmt":"2020-11-20T15:55:12","guid":{"rendered":"https:\/\/tvc16.com\/portal\/?p=6215"},"modified":"2020-11-20T13:12:53","modified_gmt":"2020-11-20T16:12:53","slug":"servicos-de-transito-terao-novos-prazos-a-partir-de-dezembro","status":"publish","type":"post","link":"https:\/\/tvc16.com\/portal\/2020\/11\/20\/servicos-de-transito-terao-novos-prazos-a-partir-de-dezembro\/","title":{"rendered":"Servi\u00e7os de tr\u00e2nsito ter\u00e3o novos prazos a partir de dezembro"},"content":{"rendered":"\n<p>A revoga\u00e7\u00e3o restabelece a contagem dos prazos de maneira acess\u00edvel, tendo em vista a normaliza\u00e7\u00e3o das atividades dos \u00f3rg\u00e3os de tr\u00e2nsito e o retorno dos servi\u00e7os presenciais ao p\u00fablico<\/p>\n\n\n\n<p>O Conselho Nacional de Tr\u00e2nsito (Contran) revogou a Resolu\u00e7\u00e3o n\u00ba 782, de 18 de junho de 2020, que interrompia os prazos de processos e de procedimentos dos \u00f3rg\u00e3os e entidades do <strong><a href=\"https:\/\/www.gov.br\/pt-br\/noticias\/justica-e-seguranca\/2020\/11\/contran-revoga-resolucao-que-interrompia-prazos-de-servicos-de-transito\">Sistema Nacional de Tr\u00e2nsito (SNT)<\/a><\/strong>. A resolu\u00e7\u00e3o referendava delibera\u00e7\u00f5es motivadas pela crise da Covid-19. Dessa forma, servi\u00e7os como renova\u00e7\u00e3o de Carteira Nacional de Habilita\u00e7\u00e3o (CNH), transfer\u00eancia de ve\u00edculos e envio de notifica\u00e7\u00f5es de autua\u00e7\u00e3o passam a vigorar com novos prazos a partir de 1\u00ba de dezembro.<\/p>\n\n\n\n<p><strong><a href=\"http:\/\/RR: Inscri\u00e7\u00f5es abertas para programa CNH Cidad\u00e3\">RR: Inscri\u00e7\u00f5es abertas para programa CNH Cidad\u00e3<\/a><\/strong><\/p>\n\n\n\n<p><a href=\"https:\/\/brasil61.com\/noticias\/diretor-do-denatran-comenta-principais-mudancas-no-codigo-de-transito-brasileiro-bras202492\"><strong>Diretor do Denatran comenta principais mudan\u00e7as no C\u00f3digo de Tr\u00e2nsito Brasileiro<\/strong><\/a><\/p>\n\n\n\n<p>A revoga\u00e7\u00e3o restabelece a contagem dos prazos de maneira acess\u00edvel, tendo em vista a normaliza\u00e7\u00e3o das atividades dos \u00f3rg\u00e3os de tr\u00e2nsito e o retorno dos servi\u00e7os presenciais ao p\u00fablico. Os processos relacionados \u00e0s infra\u00e7\u00f5es de tr\u00e2nsito, \u00e0 CNH e ao licenciamento de ve\u00edculos e os processos envolvendo as Institui\u00e7\u00f5es T\u00e9cnicas Licenciadas (ITL) ter\u00e3o diferentes maneiras de retomada, conforme a necessidade.<\/p>\n\n\n\n<p>Fonte: <a href=\"https:\/\/brasil61.com\/noticias\/servicos-de-transito-terao-novos-prazos-a-partir-de-dezembro-bras202679?email=bethdeoliveira@yahoo.com.br&amp;utm_source=newsletter&amp;utm_medium=newsletter&amp;utm_campaign=newsletter\" target=\"_blank\" rel=\"noreferrer noopener\">Brasil 61<\/a><\/p>\n","protected":false},"excerpt":{"rendered":"<p>A revoga\u00e7\u00e3o restabelece a contagem dos prazos de maneira acess\u00edvel, tendo em vista a normaliza\u00e7\u00e3o<\/p>\n","protected":false},"author":2,"featured_media":6236,"comment_status":"open","ping_status":"open","sticky":false,"template":"","format":"standard","meta":{"footnotes":""},"categories":[14],"tags":[],"class_list":["post-6215","post","type-post","status-publish","format-standard","has-post-thumbnail","hentry","category-pais"],"_links":{"self":[{"href":"https:\/\/tvc16.com\/portal\/wp-json\/wp\/v2\/posts\/6215","targetHints":{"allow":["GET"]}}],"collection":[{"href":"https:\/\/tvc16.com\/portal\/wp-json\/wp\/v2\/posts"}],"about":[{"href":"https:\/\/tvc16.com\/portal\/wp-json\/wp\/v2\/types\/post"}],"author":[{"embeddable":true,"href":"https:\/\/tvc16.com\/portal\/wp-json\/wp\/v2\/users\/2"}],"replies":[{"embeddable":true,"href":"https:\/\/tvc16.com\/portal\/wp-json\/wp\/v2\/comments?post=6215"}],"version-history":[{"count":1,"href":"https:\/\/tvc16.com\/portal\/wp-json\/wp\/v2\/posts\/6215\/revisions"}],"predecessor-version":[{"id":6217,"href":"https:\/\/tvc16.com\/portal\/wp-json\/wp\/v2\/posts\/6215\/revisions\/6217"}],"wp:featuredmedia":[{"embeddable":true,"href":"https:\/\/tvc16.com\/portal\/wp-json\/wp\/v2\/media\/6236"}],"wp:attachment":[{"href":"https:\/\/tvc16.com\/portal\/wp-json\/wp\/v2\/media?parent=6215"}],"wp:term":[{"taxonomy":"category","embeddable":true,"href":"https:\/\/tvc16.com\/portal\/wp-json\/wp\/v2\/categories?post=6215"},{"taxonomy":"post_tag","embeddable":true,"href":"https:\/\/tvc16.com\/portal\/wp-json\/wp\/v2\/tags?post=6215"}],"curies":[{"name":"wp","href":"https:\/\/api.w.org\/{rel}","templated":true}]}}