{"id":6218,"date":"2020-11-20T13:01:54","date_gmt":"2020-11-20T16:01:54","guid":{"rendered":"https:\/\/tvc16.com\/portal\/?p=6218"},"modified":"2020-11-20T13:01:57","modified_gmt":"2020-11-20T16:01:57","slug":"ministerio-da-saude-traca-estrategia-de-vacinacao-contra-a-covid-19","status":"publish","type":"post","link":"https:\/\/tvc16.com\/portal\/2020\/11\/20\/ministerio-da-saude-traca-estrategia-de-vacinacao-contra-a-covid-19\/","title":{"rendered":"Minist\u00e9rio da Sa\u00fade tra\u00e7a estrat\u00e9gia de vacina\u00e7\u00e3o contra a Covid-19"},"content":{"rendered":"\n<p>Na coletiva de imprensa desta quinta-feira (19), \u00f3rg\u00e3o do Executivo falou sobre as vacinas testadas contra o coronav\u00edrus<\/p>\n\n\n\n<p>Nesta quinta-feira (19) o Brasil contabilizou quase seis milh\u00f5es de pessoas que ficaram doentes por conta da Covid-19, com aumento de mais de 35 mil casos desde a \u00faltima averigua\u00e7\u00e3o do Minist\u00e9rio da Sa\u00fade. O n\u00famero de mortes subiu para 168.061 pessoas e a taxa de curados da doen\u00e7a alcan\u00e7ou a marca de quase 90% do total. Esses dados foram apresentados pela pasta que, com o aumento de casos nos \u00faltimos dias, ainda debate se a chegada de uma segunda onda da Covid-19 no Pa\u00eds \u00e9 real ou n\u00e3o.<br><br>Para detalhar algumas <strong><a href=\"https:\/\/www.gov.br\/saude\/pt-br\/assuntos\/noticias\/saude-faz-balanco-das-acoes-no-combate-a-covid-19\">estrat\u00e9gias elaboradas para combater a doen\u00e7a<\/a><\/strong>, o Minist\u00e9rio da Sa\u00fade realizou uma coletiva de imprensa nesta quinta-feira (19), quando tratou sobre as vacinas testadas contra o coronav\u00edrus. Com a evolu\u00e7\u00e3o nas pesquisas sobre um imunizante seguro e eficaz contra a Covid-19, desde abril deste ano o Minist\u00e9rio da Sa\u00fade tem monitorado as vacinas em desenvolvimento para imunizar a popula\u00e7\u00e3o brasileira. Com isso, a pasta elaborou um relat\u00f3rio apresentando informa\u00e7\u00f5es t\u00e9cnicas e cient\u00edficas, em que foram compiladas informa\u00e7\u00f5es sobre as pesquisas em andamento, bem como o detalhamento de cada candidata em fase cl\u00ednica de desenvolvimento.<br><br>Por enquanto, o minist\u00e9rio tem <strong><a href=\"https:\/\/www.gov.br\/saude\/pt-br\/assuntos\/noticias\/saude-apresenta-relatorio-com-o-monitoramento-das-vacinas-em-desenvolvimento-contra-a-covid-19\">acompanhando cerca de 270 pesquisas<\/a><\/strong> com vista em 15 potenciais candidatas \u00e0 vacina nacional contra Sars-CoV-2, todas elas na fase pr\u00e9-cl\u00ednica de desenvolvimento. Essa avalia\u00e7\u00e3o serve para que possa tra\u00e7ar estrat\u00e9gias r\u00e1pidas para o transporte cauteloso que o imunizante vai precisar ao ser enviado para todos os munic\u00edpios do Pa\u00eds, bem como a forma de proteger a popula\u00e7\u00e3o no momento de formular uma campanha de vacina\u00e7\u00e3o.<\/p>\n\n\n\n<p><strong><a href=\"https:\/\/brasil61.com\/noticias\/covid-19-pode-ter-causado-impacto-na-reeleicao-de-alguns-prefeitos-bras202666\">Covid-19 pode ter causado impacto na reelei\u00e7\u00e3o de alguns prefeitos<\/a><\/strong><\/p>\n\n\n\n<p><a href=\"https:\/\/brasil61.com\/noticias\/anvisa-define-criterios-para-registro-de-vacinas-contra-a-covid-19-bras202682\"><strong>Anvisa define crit\u00e9rios para registro de vacinas contra a covid-19<\/strong><\/a><br><br>De acordo com o secret\u00e1rio de Vigil\u00e2ncia em Sa\u00fade do Minist\u00e9rio da Sa\u00fade, Arnaldo Medeiros, j\u00e1 existe uma estrat\u00e9gia pensada sobre como vai funcionar a poss\u00edvel campanha de vacina\u00e7\u00e3o. \u201cA vacina\u00e7\u00e3o tem o objetivo de contribuir para a redu\u00e7\u00e3o da morbidade e mortalidade no caso do processo pand\u00eamico da Covid-19, tanto quanto a redu\u00e7\u00e3o de transmiss\u00e3o da doen\u00e7a. N\u00f3s temos objetivos espec\u00edficos como vacinar grupos priorit\u00e1rios com maior risco de desenvolver complica\u00e7\u00f5es e \u00f3bitos pela doen\u00e7a, bem como vacinar popula\u00e7\u00f5es com maior risco de exposi\u00e7\u00e3o ao v\u00edrus e, consequentemente, \u00e0 pr\u00f3pria transmiss\u00e3o\u201d, destacou.<br><br>Uma das estrat\u00e9gias adotadas pelo Minist\u00e9rio da Sa\u00fade foi a publica\u00e7\u00e3o, nesta quinta-feira (19) da <strong><a href=\"https:\/\/www.in.gov.br\/en\/web\/dou\/-\/portaria-n-3.127-de-18-de-novembro-de-2020-289207514\">Portaria N\u00ba 3.127<\/a><\/strong>, alterando a Portaria de Consolida\u00e7\u00e3o n\u00ba 6\/GM\/MS, de 28 de setembro de 2017, que trata sobre o incentivo financeiro mensal de custeio para as equipes de Sa\u00fade da Fam\u00edlia Ribeirinhas (eSFR) e das Unidades B\u00e1sicas de Sa\u00fade Fluviais (UBSF). \u00c9 o que explica o secret\u00e1rio de Aten\u00e7\u00e3o Prim\u00e1ria \u00e0 Sa\u00fade, Raphael C\u00e2mara Parente.<br><br>\u201c\u00c9 foco do Minist\u00e9rio da Sa\u00fade as diversas popula\u00e7\u00f5es vulner\u00e1veis e com essa portaria, passamos do valor de quase R$10 mil reais para mais de R$13 mil reais, ou seja, \u00e9 uma amplia\u00e7\u00e3o no repasse de quase sete milh\u00f5es de reais para 2021. As Equipes de Sa\u00fade da Fam\u00edlia Ribeirinhas s\u00e3o equipes direcionadas ao atendimento da popula\u00e7\u00e3o ribeirinha da Amaz\u00f4nia Legal e pantanal sul-mato-grossense. Esses grupos desempenham a maior parte de suas fun\u00e7\u00f5es em unidades localizadas em comunidades pr\u00f3ximas aos rios, por isso necessitam de embarca\u00e7\u00f5es para atender essas comunidades\u201d, detalhou o secret\u00e1rio.<\/p>\n\n\n\n<p>Fonte: <a href=\"https:\/\/brasil61.com\/noticias\/ministerio-da-saude-traca-estrategia-de-vacinacao-contra-a-covid-19-bras202692?email=bethdeoliveira@yahoo.com.br&amp;utm_source=newsletter&amp;utm_medium=newsletter&amp;utm_campaign=newsletter\" target=\"_blank\" rel=\"noreferrer noopener\">Brasil 61<\/a><\/p>\n","protected":false},"excerpt":{"rendered":"<p>Na coletiva de imprensa desta quinta-feira (19), \u00f3rg\u00e3o do Executivo falou sobre as vacinas testadas<\/p>\n","protected":false},"author":2,"featured_media":6219,"comment_status":"open","ping_status":"open","sticky":false,"template":"","format":"standard","meta":{"footnotes":""},"categories":[13],"tags":[],"class_list":["post-6218","post","type-post","status-publish","format-standard","has-post-thumbnail","hentry","category-saude"],"_links":{"self":[{"href":"https:\/\/tvc16.com\/portal\/wp-json\/wp\/v2\/posts\/6218","targetHints":{"allow":["GET"]}}],"collection":[{"href":"https:\/\/tvc16.com\/portal\/wp-json\/wp\/v2\/posts"}],"about":[{"href":"https:\/\/tvc16.com\/portal\/wp-json\/wp\/v2\/types\/post"}],"author":[{"embeddable":true,"href":"https:\/\/tvc16.com\/portal\/wp-json\/wp\/v2\/users\/2"}],"replies":[{"embeddable":true,"href":"https:\/\/tvc16.com\/portal\/wp-json\/wp\/v2\/comments?post=6218"}],"version-history":[{"count":1,"href":"https:\/\/tvc16.com\/portal\/wp-json\/wp\/v2\/posts\/6218\/revisions"}],"predecessor-version":[{"id":6220,"href":"https:\/\/tvc16.com\/portal\/wp-json\/wp\/v2\/posts\/6218\/revisions\/6220"}],"wp:featuredmedia":[{"embeddable":true,"href":"https:\/\/tvc16.com\/portal\/wp-json\/wp\/v2\/media\/6219"}],"wp:attachment":[{"href":"https:\/\/tvc16.com\/portal\/wp-json\/wp\/v2\/media?parent=6218"}],"wp:term":[{"taxonomy":"category","embeddable":true,"href":"https:\/\/tvc16.com\/portal\/wp-json\/wp\/v2\/categories?post=6218"},{"taxonomy":"post_tag","embeddable":true,"href":"https:\/\/tvc16.com\/portal\/wp-json\/wp\/v2\/tags?post=6218"}],"curies":[{"name":"wp","href":"https:\/\/api.w.org\/{rel}","templated":true}]}}