{"id":6237,"date":"2020-11-20T13:28:25","date_gmt":"2020-11-20T16:28:25","guid":{"rendered":"https:\/\/tvc16.com\/portal\/?p=6237"},"modified":"2020-11-20T13:28:27","modified_gmt":"2020-11-20T16:28:27","slug":"pandemia-traz-discussoes-ao-ix-forum-de-cognicao-social-da-ucp","status":"publish","type":"post","link":"https:\/\/tvc16.com\/portal\/2020\/11\/20\/pandemia-traz-discussoes-ao-ix-forum-de-cognicao-social-da-ucp\/","title":{"rendered":"Pandemia traz discuss\u00f5es ao IX F\u00f3rum de Cogni\u00e7\u00e3o Social da UCP"},"content":{"rendered":"\n<p><em>Evento on-line gratuito acontece no dia 1\u00ba de dezembro, na TV UCP, canal da Universidade no Youtube<\/em><\/p>\n\n\n\n<p>A pandemia do novo coronav\u00edrus transformou a vida e a rotina das pessoas, causando os mais diversos efeitos sociais e psicol\u00f3gicos. O assunto traz \u00e0 tona diversas quest\u00f5es que ser\u00e3o discutidas no&nbsp;<em>IX F\u00f3rum de Cogni\u00e7\u00e3o Social da Universidade Cat\u00f3lica de Petr\u00f3polis (UCP)<\/em>, que acontece de maneira remota no pr\u00f3ximo dia 1\u00ba de dezembro. O evento on-line \u00e9 aberto ao p\u00fablico e ser\u00e1 transmitido pela TV UCP, canal da Universidade no Youtube.<\/p>\n\n\n\n<p>Organizado pelo Programa de P\u00f3s-Gradua\u00e7\u00e3o em Psicologia da UCP, o evento abordar\u00e1 o tema&nbsp;<em>Psicologia em tempos de pandemia<\/em>, por meio de palestra e mesas-redondas que s\u00e3o voltadas a psic\u00f3logos, graduandos e p\u00f3s-graduandos em Psicologia e \u00e1reas afins. A ideia \u00e9 promover discuss\u00f5es a partir da apresenta\u00e7\u00e3o das pesquisas em psicologia voltadas \u00e0s quest\u00f5es da pandemia, consolidando um espa\u00e7o de di\u00e1logo, compartilhamento de experi\u00eancias e reflex\u00f5es entre as linhas de pesquisa, professores e estudantes.<\/p>\n\n\n\n<p>A programa\u00e7\u00e3o tamb\u00e9m conta com uma mesa-redonda direcionada ao Ensino M\u00e9dio, na qual ser\u00e3o discutidos os impactos do ensino remoto, percep\u00e7\u00e3o de risco e sa\u00fade mental com profissionais da \u00e1rea.<\/p>\n\n\n\n<p>\u201cA pandemia repercute de maneira diversa na vida das pessoas, no funcionamento das institui\u00e7\u00f5es, na economia e nos demais setores, principalmente na sa\u00fade, educa\u00e7\u00e3o e assist\u00eancia. O contexto exigiu que os profissionais criassem alternativas para atender as demandas da popula\u00e7\u00e3o em tempo muito curto. As interven\u00e7\u00f5es s\u00e3o aplicadas e avaliadas simultaneamente. A psicologia na medida que estuda o comportamento humano tem contribui\u00e7\u00f5es importantes para o momento. Destaco os efeitos da crise, das incertezas e da inseguran\u00e7a na sa\u00fade mental das pessoas em geral\u201d, pondera a docente do mestrado, Prof\u00aa. Dr\u00aa. Cristiane Moreira, uma das organizadoras do evento.<\/p>\n\n\n\n<p>O&nbsp;<em>IX F\u00f3rum de Cogni\u00e7\u00e3o Social da UCP&nbsp;<\/em>ser\u00e1 no dia 1\u00ba de dezembro, a partir das 10h, no canal da Universidade no Youtube. Mais informa\u00e7\u00f5es e a programa\u00e7\u00e3o completa podem ser conferidas no site&nbsp;<a rel=\"noreferrer noopener\" target=\"_blank\" href=\"http:\/\/ucp.br\/\">ucp.br<\/a>.<\/p>\n","protected":false},"excerpt":{"rendered":"<p>Evento on-line gratuito acontece no dia 1\u00ba de dezembro, na TV UCP, canal da Universidade<\/p>\n","protected":false},"author":2,"featured_media":6238,"comment_status":"open","ping_status":"open","sticky":false,"template":"","format":"standard","meta":{"footnotes":""},"categories":[12],"tags":[],"class_list":["post-6237","post","type-post","status-publish","format-standard","has-post-thumbnail","hentry","category-cidade"],"_links":{"self":[{"href":"https:\/\/tvc16.com\/portal\/wp-json\/wp\/v2\/posts\/6237","targetHints":{"allow":["GET"]}}],"collection":[{"href":"https:\/\/tvc16.com\/portal\/wp-json\/wp\/v2\/posts"}],"about":[{"href":"https:\/\/tvc16.com\/portal\/wp-json\/wp\/v2\/types\/post"}],"author":[{"embeddable":true,"href":"https:\/\/tvc16.com\/portal\/wp-json\/wp\/v2\/users\/2"}],"replies":[{"embeddable":true,"href":"https:\/\/tvc16.com\/portal\/wp-json\/wp\/v2\/comments?post=6237"}],"version-history":[{"count":1,"href":"https:\/\/tvc16.com\/portal\/wp-json\/wp\/v2\/posts\/6237\/revisions"}],"predecessor-version":[{"id":6239,"href":"https:\/\/tvc16.com\/portal\/wp-json\/wp\/v2\/posts\/6237\/revisions\/6239"}],"wp:featuredmedia":[{"embeddable":true,"href":"https:\/\/tvc16.com\/portal\/wp-json\/wp\/v2\/media\/6238"}],"wp:attachment":[{"href":"https:\/\/tvc16.com\/portal\/wp-json\/wp\/v2\/media?parent=6237"}],"wp:term":[{"taxonomy":"category","embeddable":true,"href":"https:\/\/tvc16.com\/portal\/wp-json\/wp\/v2\/categories?post=6237"},{"taxonomy":"post_tag","embeddable":true,"href":"https:\/\/tvc16.com\/portal\/wp-json\/wp\/v2\/tags?post=6237"}],"curies":[{"name":"wp","href":"https:\/\/api.w.org\/{rel}","templated":true}]}}