{"id":6240,"date":"2020-11-20T13:40:02","date_gmt":"2020-11-20T16:40:02","guid":{"rendered":"https:\/\/tvc16.com\/portal\/?p=6240"},"modified":"2020-11-20T13:40:04","modified_gmt":"2020-11-20T16:40:04","slug":"no-dia-da-consciencia-negra-tem-evento-voltado-ao-tema-na-rua-teresa-beleza-negra-comeca-as-18h","status":"publish","type":"post","link":"https:\/\/tvc16.com\/portal\/2020\/11\/20\/no-dia-da-consciencia-negra-tem-evento-voltado-ao-tema-na-rua-teresa-beleza-negra-comeca-as-18h\/","title":{"rendered":"No Dia da Consci\u00eancia Negra tem evento, voltado ao tema, na Rua Teresa: Beleza Negra come\u00e7a \u00e0s 18h"},"content":{"rendered":"\n<p>O Evento come\u00e7a hoje (20) e segue at\u00e9 amanh\u00e3 (21) \u00a0na Rua Teresa, 519, subsolo 201. O encontro ter\u00e1 dan\u00e7a, canto, m\u00fasica, desfiles e palestra, mas n\u00e3o \u00e9 aberto ao p\u00fablico. Por conta da pandemia, apenas 100 pessoas, previamente convidadas, participar\u00e3o do evento.<\/p>\n\n\n\n<p>Segundo o organizador, Diogo Edson, o beleza negra \u00e9 a extens\u00e3o de um trabalho, voltado ao tema, que come\u00e7ou em 2014 e tem como objetivo mostrar ao mercado, a beleza do homem e da mulher afro descendentes e buscar, para todos, uma jun\u00e7\u00e3o de ra\u00e7as.<\/p>\n\n\n\n<p>A palestra que faz parte do evento, fala dos direitos iguais para todos. \u201cO nosso\u00a0 maior objetivo \u00e9 mostrar que n\u00e3o h\u00e1 diferen\u00e7a entre ra\u00e7as e, combater a viol\u00eancia contra os afro descendentes. Mostrar nosso talento e habilidade. Assim, os empres\u00e1rios podem nos conhecer melhor e contratar mais negros para o mundo da moda, entre outras \u00e1reas da sociedade, sem vitimiza\u00e7\u00e3o\u201d, disse Diogo Edson.<\/p>\n\n\n\n<figure class=\"wp-block-image size-large\"><img loading=\"lazy\" decoding=\"async\" width=\"1024\" height=\"576\" src=\"https:\/\/tvc16.com\/portal\/wp-content\/uploads\/2020\/11\/20201118_102951-1024x576.jpg\" alt=\"\" class=\"wp-image-6241\" srcset=\"https:\/\/tvc16.com\/portal\/wp-content\/uploads\/2020\/11\/20201118_102951-1024x576.jpg 1024w, https:\/\/tvc16.com\/portal\/wp-content\/uploads\/2020\/11\/20201118_102951-300x169.jpg 300w, https:\/\/tvc16.com\/portal\/wp-content\/uploads\/2020\/11\/20201118_102951-768x432.jpg 768w, https:\/\/tvc16.com\/portal\/wp-content\/uploads\/2020\/11\/20201118_102951-1536x864.jpg 1536w, https:\/\/tvc16.com\/portal\/wp-content\/uploads\/2020\/11\/20201118_102951-2048x1152.jpg 2048w\" sizes=\"auto, (max-width: 1024px) 100vw, 1024px\" \/><figcaption>Diogo Edson &#8211; organizador do Beleza Negra<\/figcaption><\/figure>\n","protected":false},"excerpt":{"rendered":"<p>O Evento come\u00e7a hoje (20) e segue at\u00e9 amanh\u00e3 (21) \u00a0na Rua Teresa, 519, subsolo<\/p>\n","protected":false},"author":2,"featured_media":6242,"comment_status":"open","ping_status":"open","sticky":false,"template":"","format":"standard","meta":{"footnotes":""},"categories":[12],"tags":[],"class_list":["post-6240","post","type-post","status-publish","format-standard","has-post-thumbnail","hentry","category-cidade"],"_links":{"self":[{"href":"https:\/\/tvc16.com\/portal\/wp-json\/wp\/v2\/posts\/6240","targetHints":{"allow":["GET"]}}],"collection":[{"href":"https:\/\/tvc16.com\/portal\/wp-json\/wp\/v2\/posts"}],"about":[{"href":"https:\/\/tvc16.com\/portal\/wp-json\/wp\/v2\/types\/post"}],"author":[{"embeddable":true,"href":"https:\/\/tvc16.com\/portal\/wp-json\/wp\/v2\/users\/2"}],"replies":[{"embeddable":true,"href":"https:\/\/tvc16.com\/portal\/wp-json\/wp\/v2\/comments?post=6240"}],"version-history":[{"count":1,"href":"https:\/\/tvc16.com\/portal\/wp-json\/wp\/v2\/posts\/6240\/revisions"}],"predecessor-version":[{"id":6243,"href":"https:\/\/tvc16.com\/portal\/wp-json\/wp\/v2\/posts\/6240\/revisions\/6243"}],"wp:featuredmedia":[{"embeddable":true,"href":"https:\/\/tvc16.com\/portal\/wp-json\/wp\/v2\/media\/6242"}],"wp:attachment":[{"href":"https:\/\/tvc16.com\/portal\/wp-json\/wp\/v2\/media?parent=6240"}],"wp:term":[{"taxonomy":"category","embeddable":true,"href":"https:\/\/tvc16.com\/portal\/wp-json\/wp\/v2\/categories?post=6240"},{"taxonomy":"post_tag","embeddable":true,"href":"https:\/\/tvc16.com\/portal\/wp-json\/wp\/v2\/tags?post=6240"}],"curies":[{"name":"wp","href":"https:\/\/api.w.org\/{rel}","templated":true}]}}