{"id":6254,"date":"2020-11-20T15:33:13","date_gmt":"2020-11-20T18:33:13","guid":{"rendered":"https:\/\/tvc16.com\/portal\/?p=6254"},"modified":"2020-11-20T15:33:16","modified_gmt":"2020-11-20T18:33:16","slug":"auxilio-emergencial-e-creditado-para-nascidos-em-dezembro","status":"publish","type":"post","link":"https:\/\/tvc16.com\/portal\/2020\/11\/20\/auxilio-emergencial-e-creditado-para-nascidos-em-dezembro\/","title":{"rendered":"Aux\u00edlio emergencial \u00e9 creditado para nascidos em dezembro"},"content":{"rendered":"\n<h3 class=\"wp-block-heading\">Tamb\u00e9m recebem hoje benefici\u00e1rios do Bolsa Fam\u00edlia com NIS 4<\/h3>\n\n\n\n<p>Cerca de 3,4 milh\u00f5es de benefici\u00e1rios do aux\u00edlio emergencial, nascidos em dezembro, recebem hoje (20) R$ 1,3 bilh\u00e3o em suas contas poupan\u00e7a social digital. Desse total, 633,8 mil recebem R$ 415,1 milh\u00f5es referentes \u00e0s parcelas do aux\u00edlio emergencial. Os demais, 2,8 milh\u00f5es, ser\u00e3o contemplados com a segunda parcela do Aux\u00edlio Emergencial Extens\u00e3o, somando R$ 919,2 milh\u00f5es.<img decoding=\"async\" src=\"https:\/\/agenciabrasil.ebc.com.br\/ebc.png?id=1394043&amp;o=node\"><img decoding=\"async\" src=\"https:\/\/agenciabrasil.ebc.com.br\/ebc.gif?id=1394043&amp;o=node\"><\/p>\n\n\n\n<p>A partir de hoje, os valores podem ser movimentados pelo Caixa Tem para pagamento de boletos pelo pr\u00f3prio aplicativo ou nas casas lot\u00e9ricas, compras na internet e pelas maquininhas de estabelecimentos comerciais.<\/p>\n\n\n\n<p>O benef\u00edcio criado em abril pelo governo federal foi estendido at\u00e9 31 de dezembro por meio da Medida Provis\u00f3ria (MP) n\u00ba 1000. O Aux\u00edlio Emergencial Extens\u00e3o ser\u00e1 pago em at\u00e9 quatro parcelas de R$ 300 cada e, no caso das m\u00e3es chefes de fam\u00edlia monoparental, o valor \u00e9 de R$ 600.<\/p>\n\n\n\n<p>Saques e transfer\u00eancias para quem recebe o cr\u00e9dito nesta sexta-feira ser\u00e3o liberados a partir do dia 5 de dezembro.<\/p>\n\n\n\n<h2 class=\"wp-block-heading\">Bolsa Fam\u00edlia<\/h2>\n\n\n\n<p>Tamb\u00e9m nesta sexta-feira, a Caixa realiza o pagamento da terceira parcela do Aux\u00edlio Emergencial Extens\u00e3o para os benefici\u00e1rios do Bolsa Fam\u00edlia. Cerca de 1,6 milh\u00e3o de pessoas com final de NIS 4 recebem R$ 422,6 milh\u00f5es.<\/p>\n\n\n\n<p>Durante todo o m\u00eas de novembro, mais de 16 milh\u00f5es de pessoas cadastradas no programa, e que foram consideradas eleg\u00edveis, v\u00e3o receber, no total, R$ 4,2 bilh\u00f5es.<\/p>\n\n\n\n<p>Os pagamentos do Aux\u00edlio Emergencial Extens\u00e3o para benefici\u00e1rios do Bolsa Fam\u00edlia t\u00eam os mesmos crit\u00e9rios e datas do Bolsa Fam\u00edlia, permitindo a utiliza\u00e7\u00e3o do cart\u00e3o nos canais de autoatendimento, lot\u00e9ricas e correspondentes Caixa Aqui ou por cr\u00e9dito na conta Caixa F\u00e1cil.<\/p>\n\n\n\n<p>O valor do programa Bolsa Fam\u00edlia \u00e9 complementado pela extens\u00e3o do aux\u00edlio emergencial em at\u00e9 R$ 300 ou em at\u00e9 R$ 600, no caso de mulher provedora de fam\u00edlia monoparental. Segundo a Caixa, se o valor do Bolsa Fam\u00edlia for igual ou maior que R$ 300 ou R$ 600, o benefici\u00e1rio receber\u00e1 o valor do Bolsa Fam\u00edlia, prevalecendo sempre o benef\u00edcio de maior valor.<\/p>\n\n\n\n<p>Por Kelly Oliveira \u2013 Rep\u00f3rter da Ag\u00eancia Brasil &#8211; Bras\u00edlia<\/p>\n\n\n\n<p>Edi\u00e7\u00e3o: Kleber Sampaio<\/p>\n","protected":false},"excerpt":{"rendered":"<p>Tamb\u00e9m recebem hoje benefici\u00e1rios do Bolsa Fam\u00edlia com NIS 4 Cerca de 3,4 milh\u00f5es de<\/p>\n","protected":false},"author":2,"featured_media":6255,"comment_status":"open","ping_status":"open","sticky":false,"template":"","format":"standard","meta":{"footnotes":""},"categories":[14],"tags":[],"class_list":["post-6254","post","type-post","status-publish","format-standard","has-post-thumbnail","hentry","category-pais"],"_links":{"self":[{"href":"https:\/\/tvc16.com\/portal\/wp-json\/wp\/v2\/posts\/6254","targetHints":{"allow":["GET"]}}],"collection":[{"href":"https:\/\/tvc16.com\/portal\/wp-json\/wp\/v2\/posts"}],"about":[{"href":"https:\/\/tvc16.com\/portal\/wp-json\/wp\/v2\/types\/post"}],"author":[{"embeddable":true,"href":"https:\/\/tvc16.com\/portal\/wp-json\/wp\/v2\/users\/2"}],"replies":[{"embeddable":true,"href":"https:\/\/tvc16.com\/portal\/wp-json\/wp\/v2\/comments?post=6254"}],"version-history":[{"count":1,"href":"https:\/\/tvc16.com\/portal\/wp-json\/wp\/v2\/posts\/6254\/revisions"}],"predecessor-version":[{"id":6256,"href":"https:\/\/tvc16.com\/portal\/wp-json\/wp\/v2\/posts\/6254\/revisions\/6256"}],"wp:featuredmedia":[{"embeddable":true,"href":"https:\/\/tvc16.com\/portal\/wp-json\/wp\/v2\/media\/6255"}],"wp:attachment":[{"href":"https:\/\/tvc16.com\/portal\/wp-json\/wp\/v2\/media?parent=6254"}],"wp:term":[{"taxonomy":"category","embeddable":true,"href":"https:\/\/tvc16.com\/portal\/wp-json\/wp\/v2\/categories?post=6254"},{"taxonomy":"post_tag","embeddable":true,"href":"https:\/\/tvc16.com\/portal\/wp-json\/wp\/v2\/tags?post=6254"}],"curies":[{"name":"wp","href":"https:\/\/api.w.org\/{rel}","templated":true}]}}