{"id":6266,"date":"2020-11-20T18:08:32","date_gmt":"2020-11-20T21:08:32","guid":{"rendered":"https:\/\/tvc16.com\/portal\/?p=6266"},"modified":"2020-11-20T18:08:34","modified_gmt":"2020-11-20T21:08:34","slug":"eleicoes-2020-psd-petropolis-anuncia-apoio-a-rubens-bomtempo","status":"publish","type":"post","link":"https:\/\/tvc16.com\/portal\/2020\/11\/20\/eleicoes-2020-psd-petropolis-anuncia-apoio-a-rubens-bomtempo\/","title":{"rendered":"Elei\u00e7\u00f5es 2020: PSD PETR\u00d3POLIS ANUNCIA APOIO A RUBENS BOMTEMPO"},"content":{"rendered":"\n<p>O Partido Social Democr\u00e1tico &#8211; PSD, se posicionou na manh\u00e3 desta sexta-feira (20) em rela\u00e7\u00e3o ao segundo turno das elei\u00e7\u00f5es municipais. A sigla vai apoiar o candidato a prefeito Rubens Bomtempo, do Partido Socialista Brasileiro &#8211; PSB, seguindo orienta\u00e7\u00e3o da dire\u00e7\u00e3o Estadual da agremia\u00e7\u00e3o, por\u00e9m, deu liberdade aos filiados a ficarem neutros no processo. De acordo com o presidente Estadual do PSD, deputado Hugo Leal, a decis\u00e3o de apoio a Rubens Bomtempo partiu do reconhecimento dos avan\u00e7os que o candidato teve nas suas gest\u00f5es anteriores. A orienta\u00e7\u00e3o da executiva Estadual do partido foi no sentido de haver posicionamento da sigla nos munic\u00edpios onde houver segundo turno. \u201cPor isso decidimos que em Petr\u00f3polis estaremos apoiando a candidatura de Bomtempo, pois apostamos em uma pol\u00edtica do bem e voltada para a popula\u00e7\u00e3o mais necessitada. Por\u00e9m, somos um partido democr\u00e1tico e respeitamos a posi\u00e7\u00e3o individual de cada um dos nossos filiados\u201d, frisa. O deputado Hugo Leal tamb\u00e9m falou sobre a expressiva vota\u00e7\u00e3o do Professor Leandro Azevedo. &#8220;Mesmo n\u00e3o sendo eleito, sa\u00edmos vitoriosos do primeiro turno, pois n\u00e3o t\u00ednhamos a m\u00e1quina e, mesmo sendo um vereador de primeiro mandato, nosso candidato conseguiu quase um empate t\u00e9cnico com o atual Prefeito, com uma diferen\u00e7a m\u00ednima de 204 votos. Para a presidente do PSD Petr\u00f3polis, Ros\u00e2ngela Stumpf, \u00e9 fundamental enaltecer a coragem do professor Leandro Azevedo, que, segundo ela, \u201cabriu m\u00e3o de uma elei\u00e7\u00e3o quase garantida ao cargo de vereador, por acreditar que seria poss\u00edvel fazer mais pela cidade\u201d. \u201cCome\u00e7amos do zero e hoje somos a terceira via e um grupo pol\u00edtico importante. Nesse momento estamos indo para uma outra elei\u00e7\u00e3o. A nossa acabou no primeiro turno e sa\u00edmos vitoriosos. Por\u00e9m, analisamos toda a trajet\u00f3ria de Rubens Bomtempo e do PSB e, por isso, vamos seguir os anseios da popula\u00e7\u00e3o e apoiar o 40\u201d, destacou Rosangela. Al\u00e9m de Rubens Bomtempo e Paulo Mustrangi, o an\u00fancio do posicionamento do PSD foi acompanhado por Alexandre Gurgel e Ramon Mello, que tamb\u00e9m disputaram a cadeira no primeiro turno e tamb\u00e9m declararam apoio ao candidato do PSB. \u201cN\u00e3o podemos negar nossa hist\u00f3ria. Temos que nos unir e \u00e9 isso que o povo quer. O povo conta com a gente para apontar um novo caminho, uma sa\u00edda para tudo que est\u00e1 acontecendo nessa cidade. Andamos por toda as localidades e encontramos uma situa\u00e7\u00e3o muito dif\u00edcil. Precisamos governar juntos, com responsabilidade\u201d, disse Rubens Bomtempo.<\/p>\n","protected":false},"excerpt":{"rendered":"<p>O Partido Social Democr\u00e1tico &#8211; PSD, se posicionou na manh\u00e3 desta sexta-feira (20) em rela\u00e7\u00e3o<\/p>\n","protected":false},"author":2,"featured_media":6267,"comment_status":"open","ping_status":"open","sticky":false,"template":"","format":"standard","meta":{"footnotes":""},"categories":[12],"tags":[],"class_list":["post-6266","post","type-post","status-publish","format-standard","has-post-thumbnail","hentry","category-cidade"],"_links":{"self":[{"href":"https:\/\/tvc16.com\/portal\/wp-json\/wp\/v2\/posts\/6266","targetHints":{"allow":["GET"]}}],"collection":[{"href":"https:\/\/tvc16.com\/portal\/wp-json\/wp\/v2\/posts"}],"about":[{"href":"https:\/\/tvc16.com\/portal\/wp-json\/wp\/v2\/types\/post"}],"author":[{"embeddable":true,"href":"https:\/\/tvc16.com\/portal\/wp-json\/wp\/v2\/users\/2"}],"replies":[{"embeddable":true,"href":"https:\/\/tvc16.com\/portal\/wp-json\/wp\/v2\/comments?post=6266"}],"version-history":[{"count":1,"href":"https:\/\/tvc16.com\/portal\/wp-json\/wp\/v2\/posts\/6266\/revisions"}],"predecessor-version":[{"id":6268,"href":"https:\/\/tvc16.com\/portal\/wp-json\/wp\/v2\/posts\/6266\/revisions\/6268"}],"wp:featuredmedia":[{"embeddable":true,"href":"https:\/\/tvc16.com\/portal\/wp-json\/wp\/v2\/media\/6267"}],"wp:attachment":[{"href":"https:\/\/tvc16.com\/portal\/wp-json\/wp\/v2\/media?parent=6266"}],"wp:term":[{"taxonomy":"category","embeddable":true,"href":"https:\/\/tvc16.com\/portal\/wp-json\/wp\/v2\/categories?post=6266"},{"taxonomy":"post_tag","embeddable":true,"href":"https:\/\/tvc16.com\/portal\/wp-json\/wp\/v2\/tags?post=6266"}],"curies":[{"name":"wp","href":"https:\/\/api.w.org\/{rel}","templated":true}]}}