{"id":6269,"date":"2020-11-20T18:40:47","date_gmt":"2020-11-20T21:40:47","guid":{"rendered":"https:\/\/tvc16.com\/portal\/?p=6269"},"modified":"2020-11-20T19:36:10","modified_gmt":"2020-11-20T22:36:10","slug":"eleicoes-2020","status":"publish","type":"post","link":"https:\/\/tvc16.com\/portal\/2020\/11\/20\/eleicoes-2020\/","title":{"rendered":"Elei\u00e7\u00f5es 2020: Bernardo Rossi quer fortalecer mobilidade urbana"},"content":{"rendered":"\n<p>Mobilidade Urbana: reformas nos terminais, aplica\u00e7\u00e3o de asfalto e desonera\u00e7\u00e3o da passagem est\u00e3o no plano de governo de Bernardo Rossi<\/p>\n\n\n\n<p>Candidato \u00e0 reelei\u00e7\u00e3o, Bernardo Rossi (PL), tem no seu plano de governo a\u00e7\u00f5es para fortalecer a mobilidade urbana no munic\u00edpio, um desafio para a cidade. Entre os pontos previstos est\u00e3o a fiscaliza\u00e7\u00e3o nas empresas de \u00f4nibus para que as frotas sejam renovadas, reformas nos terminais Corr\u00eaas e Itaipava e a continuidade da aplica\u00e7\u00e3o do asfalto em todas as regi\u00f5es.<\/p>\n\n\n\n<p>\u201cImportante destacar que o Plano de Mobilidade Urbana foi constru\u00eddo de forma democr\u00e1tica no nosso governo justamente para que a cidade tivesse um norteador com rela\u00e7\u00e3o aos projetos necess\u00e1rios para a mobilidade urbana. Petr\u00f3polis chegou a perder mais de R$ 50 milh\u00f5es em investimentos na mobilidade em 2015 por n\u00e3o ter um plano de mobilidade. Por isso \u00e9 t\u00e3o necess\u00e1rio manter a responsabilidade e o comprometimento com a gest\u00e3o municipal\u201d, explicou Bernardo Rossi.<\/p>\n\n\n\n<p>Projetos para melhorar o tr\u00e2nsito na entrada do Carangola, no Prado em Corr\u00eaas e em Bonsucesso tamb\u00e9m est\u00e3o previstos. \u201cOs estudos foram feitos e, gra\u00e7as a nossa articula\u00e7\u00e3o junto ao governo federal, a revitaliza\u00e7\u00e3o na Estrada Uni\u00e3o Industria saiu do papel, depois de dez anos de espera. Com isso, poderemos finalmente construir rotat\u00f3rias nessas regi\u00f5es\u201d.<\/p>\n\n\n\n<p>Manuten\u00e7\u00e3o e aplica\u00e7\u00e3o de asfalto ter\u00e3o continuidade. \u201cRua do Imperador e Monsenhor Bacelar foram ruas que passaram por revitaliza\u00e7\u00e3o. Mas n\u00e3o foi s\u00f3 o Centro. Asfaltamento \u00e9 outro ponto importante e que nos permitir\u00e1 estudar uma forma de desonerar a passagem para o contribuinte, isso al\u00e9m da cria\u00e7\u00e3o de corredores espec\u00edficos e uso de ruas secund\u00e1rias para desafogar o tr\u00e2nsito nas vias principais\u201d, comentou Bernardo Rossi.&nbsp;<\/p>\n","protected":false},"excerpt":{"rendered":"<p>Mobilidade Urbana: reformas nos terminais, aplica\u00e7\u00e3o de asfalto e desonera\u00e7\u00e3o da passagem est\u00e3o no plano<\/p>\n","protected":false},"author":2,"featured_media":6270,"comment_status":"open","ping_status":"open","sticky":false,"template":"","format":"standard","meta":{"footnotes":""},"categories":[12],"tags":[],"class_list":["post-6269","post","type-post","status-publish","format-standard","has-post-thumbnail","hentry","category-cidade"],"_links":{"self":[{"href":"https:\/\/tvc16.com\/portal\/wp-json\/wp\/v2\/posts\/6269","targetHints":{"allow":["GET"]}}],"collection":[{"href":"https:\/\/tvc16.com\/portal\/wp-json\/wp\/v2\/posts"}],"about":[{"href":"https:\/\/tvc16.com\/portal\/wp-json\/wp\/v2\/types\/post"}],"author":[{"embeddable":true,"href":"https:\/\/tvc16.com\/portal\/wp-json\/wp\/v2\/users\/2"}],"replies":[{"embeddable":true,"href":"https:\/\/tvc16.com\/portal\/wp-json\/wp\/v2\/comments?post=6269"}],"version-history":[{"count":2,"href":"https:\/\/tvc16.com\/portal\/wp-json\/wp\/v2\/posts\/6269\/revisions"}],"predecessor-version":[{"id":6272,"href":"https:\/\/tvc16.com\/portal\/wp-json\/wp\/v2\/posts\/6269\/revisions\/6272"}],"wp:featuredmedia":[{"embeddable":true,"href":"https:\/\/tvc16.com\/portal\/wp-json\/wp\/v2\/media\/6270"}],"wp:attachment":[{"href":"https:\/\/tvc16.com\/portal\/wp-json\/wp\/v2\/media?parent=6269"}],"wp:term":[{"taxonomy":"category","embeddable":true,"href":"https:\/\/tvc16.com\/portal\/wp-json\/wp\/v2\/categories?post=6269"},{"taxonomy":"post_tag","embeddable":true,"href":"https:\/\/tvc16.com\/portal\/wp-json\/wp\/v2\/tags?post=6269"}],"curies":[{"name":"wp","href":"https:\/\/api.w.org\/{rel}","templated":true}]}}