{"id":6283,"date":"2020-11-21T12:18:43","date_gmt":"2020-11-21T15:18:43","guid":{"rendered":"https:\/\/tvc16.com\/portal\/?p=6283"},"modified":"2020-11-21T12:18:45","modified_gmt":"2020-11-21T15:18:45","slug":"decreto-regulamenta-uso-de-assinaturas-eletronicas-em-servicos-do-governo-federal","status":"publish","type":"post","link":"https:\/\/tvc16.com\/portal\/2020\/11\/21\/decreto-regulamenta-uso-de-assinaturas-eletronicas-em-servicos-do-governo-federal\/","title":{"rendered":"Decreto regulamenta uso de assinaturas eletr\u00f4nicas em servi\u00e7os do Governo Federal"},"content":{"rendered":"\n<p>\u00d3rg\u00e3os federais t\u00eam at\u00e9 1\u00ba de julho do ano que vem para se adequar a esse tipo de atendimento<\/p>\n\n\n\n<p>O uso de assinaturas eletr\u00f4nicas na administra\u00e7\u00e3o p\u00fablica federal foi regulamentado por meio de um <a href=\"https:\/\/www.in.gov.br\/en\/web\/dou\/-\/decreto-n-10.543-de-13-de-novembro-de-2020-288224831\" target=\"_blank\" rel=\"noreferrer noopener\">decreto<\/a> publicado no Di\u00e1rio Oficial da Uni\u00e3o. De acordo com a publica\u00e7\u00e3o, os \u00f3rg\u00e3os federais t\u00eam at\u00e9 o dia 1\u00ba de julho de 2021 para informar aos usu\u00e1rios como as assinaturas eletr\u00f4nicas ser\u00e3o ofertadas. Al\u00e9m disso, at\u00e9 essa data, as entidades tamb\u00e9m dever\u00e3o adequar os sistemas de tecnologia da informa\u00e7\u00e3o para a oferta do servi\u00e7o digital.&nbsp;<\/p>\n\n\n\n<p>Servi\u00e7os do Governo Federal, entre eles o comunicado de venda de autom\u00f3veis e a transfer\u00eancia de multas j\u00e1 contam com essa desburocratiza\u00e7\u00e3o. Karlos Gomes, advogado especialista em Direito e Gest\u00e3o P\u00fablica, explica que o servi\u00e7o p\u00fablico brasileiro possui um hist\u00f3rico de inefici\u00eancia na presta\u00e7\u00e3o de servi\u00e7os aos contribuintes e que a assinatura digital pode reverter essa percep\u00e7\u00e3o.&nbsp;<\/p>\n\n\n\n<p>\u201cA tecnologia e os servi\u00e7os digitais est\u00e3o cada vez mais presentes na vida da popula\u00e7\u00e3o, principalmente nas rela\u00e7\u00f5es privadas e a administra\u00e7\u00e3o p\u00fablica deve acompanhar isso. A abrang\u00eancia da assinatura digital vai ajudar muito o acesso dos cidad\u00e3os a determinados servi\u00e7os\u201d.<\/p>\n\n\n\n<p><strong><a href=\"https:\/\/brasil61.com\/noticias\/pais-desperdica-cerca-de-22-do-pib-por-ano-com-o-custo-brasil-pind202258\" target=\"_blank\" rel=\"noreferrer noopener\">Pa\u00eds desperdi\u00e7a cerca de 22% do PIB por ano com o Custo Brasil<\/a><\/strong><\/p>\n\n\n\n<p><strong><a href=\"https:\/\/brasil61.com\/noticias\/economia-nacional-deve-retrair-4-2-em-2020-e-especialistas-atribuem-a-queda-ao-periodo-de-transicao-do-setor-pind202246\" target=\"_blank\" rel=\"noreferrer noopener\">Economia nacional deve retrair 4,2% em 2020 e especialistas atribuem a queda ao per\u00edodo de transi\u00e7\u00e3o do setor<\/a><\/strong><\/p>\n\n\n\n<p>O decreto de regulamenta\u00e7\u00e3o classifica as assinaturas eletr\u00f4nicas em tr\u00eas categorias: simples, avan\u00e7ada e qualificada. A assinatura simples ser\u00e1 utilizada em situa\u00e7\u00f5es que n\u00e3o envolvem informa\u00e7\u00f5es protegidas por grau de sigilo e que n\u00e3o ofere\u00e7am risco direto de dano a bens, servi\u00e7os e interesses do ente p\u00fablico, como por exemplo agendamentos e atendimentos.&nbsp;<\/p>\n\n\n\n<p>A assinatura avan\u00e7ada ser\u00e1 admitida em situa\u00e7\u00f5es de intera\u00e7\u00e3o que exijam maior garantia quanto \u00e0 autoria, como na transfer\u00eancia de propriedade ou de posse empresariais. J\u00e1 a assinatura qualificada \u00e9 mais abrangente e ser\u00e1 utilizada em todos os tipos de servi\u00e7os, o que inclui atos assinados pelo presidente da Rep\u00fablica e por ministros de Estado. Para utiliz\u00e1-la o cidad\u00e3o precisar\u00e1 de um certificado digital, documento que funciona como uma identidade eletr\u00f4nica.&nbsp;<\/p>\n\n\n\n<p>Para Fabr\u00edcio da Mota Alves, advogado especialista em Direito Digital e Prote\u00e7\u00e3o de Dados, o decreto representa um grande avan\u00e7o na melhoria da presta\u00e7\u00e3o de servi\u00e7os do governo federal.&nbsp;<\/p>\n\n\n\n<p>\u201c\u00c9 uma proposta muito bem-vinda e representa um avan\u00e7o em v\u00e1rios aspectos, sobretudo pela diminui\u00e7\u00e3o da burocracia que essa medida ir\u00e1 acarretar.\u201d<\/p>\n\n\n\n<figure class=\"wp-block-image\"><img decoding=\"async\" src=\"\/\/s3-sa-east-1.amazonaws.com\/agencia-radio-arb\/3183\/content_assinaturas-digitais.png\" alt=\"\"\/><\/figure>\n\n\n\n<p>Todos os servi\u00e7os digitais oferecidos est\u00e3o no portal: <a href=\"http:\/\/www.gov.br\/\" target=\"_blank\" rel=\"noreferrer noopener\">www.gov.br<\/a>. Segundo o governo, mais de 80 milh\u00f5es de pessoas possuem cadastro na plataforma.&nbsp;<br>&nbsp;<\/p>\n\n\n\n<p>Fonte: <a href=\"https:\/\/brasil61.com\/noticias\/decreto-regulamenta-uso-de-assinaturas-eletronicas-em-servicos-do-governo-federal-bras202709?email=bethdeoliveira@yahoo.com.br&amp;utm_source=newsletter&amp;utm_medium=newsletter&amp;utm_campaign=newsletter\" target=\"_blank\" rel=\"noreferrer noopener\">Brasil 61<\/a><\/p>\n","protected":false},"excerpt":{"rendered":"<p>\u00d3rg\u00e3os federais t\u00eam at\u00e9 1\u00ba de julho do ano que vem para se adequar a<\/p>\n","protected":false},"author":2,"featured_media":6284,"comment_status":"open","ping_status":"open","sticky":false,"template":"","format":"standard","meta":{"footnotes":""},"categories":[14],"tags":[],"class_list":["post-6283","post","type-post","status-publish","format-standard","has-post-thumbnail","hentry","category-pais"],"_links":{"self":[{"href":"https:\/\/tvc16.com\/portal\/wp-json\/wp\/v2\/posts\/6283","targetHints":{"allow":["GET"]}}],"collection":[{"href":"https:\/\/tvc16.com\/portal\/wp-json\/wp\/v2\/posts"}],"about":[{"href":"https:\/\/tvc16.com\/portal\/wp-json\/wp\/v2\/types\/post"}],"author":[{"embeddable":true,"href":"https:\/\/tvc16.com\/portal\/wp-json\/wp\/v2\/users\/2"}],"replies":[{"embeddable":true,"href":"https:\/\/tvc16.com\/portal\/wp-json\/wp\/v2\/comments?post=6283"}],"version-history":[{"count":1,"href":"https:\/\/tvc16.com\/portal\/wp-json\/wp\/v2\/posts\/6283\/revisions"}],"predecessor-version":[{"id":6285,"href":"https:\/\/tvc16.com\/portal\/wp-json\/wp\/v2\/posts\/6283\/revisions\/6285"}],"wp:featuredmedia":[{"embeddable":true,"href":"https:\/\/tvc16.com\/portal\/wp-json\/wp\/v2\/media\/6284"}],"wp:attachment":[{"href":"https:\/\/tvc16.com\/portal\/wp-json\/wp\/v2\/media?parent=6283"}],"wp:term":[{"taxonomy":"category","embeddable":true,"href":"https:\/\/tvc16.com\/portal\/wp-json\/wp\/v2\/categories?post=6283"},{"taxonomy":"post_tag","embeddable":true,"href":"https:\/\/tvc16.com\/portal\/wp-json\/wp\/v2\/tags?post=6283"}],"curies":[{"name":"wp","href":"https:\/\/api.w.org\/{rel}","templated":true}]}}