{"id":6295,"date":"2020-11-21T13:21:32","date_gmt":"2020-11-21T16:21:32","guid":{"rendered":"https:\/\/tvc16.com\/portal\/?p=6295"},"modified":"2020-11-21T13:21:36","modified_gmt":"2020-11-21T16:21:36","slug":"governo-municipal-anuncia-liberacao-de-salarios-e-quita-50-do-13o-para-o-dia-30-deste-mes-2","status":"publish","type":"post","link":"https:\/\/tvc16.com\/portal\/2020\/11\/21\/governo-municipal-anuncia-liberacao-de-salarios-e-quita-50-do-13o-para-o-dia-30-deste-mes-2\/","title":{"rendered":"Governo municipal anuncia libera\u00e7\u00e3o de sal\u00e1rios e quita 50% do 13\u00ba para o dia 30 deste m\u00eas"},"content":{"rendered":"\n<p><strong><em>Prefeitura mant\u00e9m  sal\u00e1rios de servidores em dia<\/em><\/strong><\/p>\n\n\n\n<p>O governo municipal vai liberar o pagamento de mais uma parte do 13\u00ba sal\u00e1rio junto com os sal\u00e1rios referentes ao m\u00eas de novembro do funcionalismo p\u00fablico no dia (30) pr\u00f3xima segunda-feira. <\/p>\n\n\n\n<p>Os aposentados e pensionistas, que j\u00e1 receberam 25% do 13\u00ba, ter\u00e1 o complemento de mais 25%, perfazendo o total de 50% do benef\u00edcio. Para o restante dos servidores que receberam 12,5%, ser\u00e1 feito o pagamento de 37,5%, totalizando os 50% referente ao 13\u00ba.\u00a0<\/p>\n\n\n\n<p>A gest\u00e3o municipal tamb\u00e9m promoveu uma s\u00e9rie de conquistas em prol dos servidores, como a libera\u00e7\u00e3o de licen\u00e7as pr\u00eamio, quinqu\u00eanios, regulariza\u00e7\u00e3o de f\u00e9rias, enquadramentos por forma\u00e7\u00e3o e por tempo de servi\u00e7o para funcion\u00e1rios da Sa\u00fade e Educa\u00e7\u00e3o, al\u00e9m de aposentadorias e adequa\u00e7\u00e3o da previd\u00eancia e abono por perman\u00eancia. <\/p>\n\n\n\n<p>Em nota, o governo informa que mesmo diante de um quadro econ\u00f4mico negativo provocado pela pandemia do coronav\u00edrus, o munic\u00edpio mant\u00e9m o compromisso de manter os sal\u00e1rios do funcionalismo em dia, sem nenhum tipo de atraso.<\/p>\n","protected":false},"excerpt":{"rendered":"<p>Prefeitura mant\u00e9m sal\u00e1rios de servidores em dia O governo municipal vai liberar o pagamento de<\/p>\n","protected":false},"author":2,"featured_media":6296,"comment_status":"open","ping_status":"open","sticky":false,"template":"","format":"standard","meta":{"footnotes":""},"categories":[12],"tags":[],"class_list":["post-6295","post","type-post","status-publish","format-standard","has-post-thumbnail","hentry","category-cidade"],"_links":{"self":[{"href":"https:\/\/tvc16.com\/portal\/wp-json\/wp\/v2\/posts\/6295","targetHints":{"allow":["GET"]}}],"collection":[{"href":"https:\/\/tvc16.com\/portal\/wp-json\/wp\/v2\/posts"}],"about":[{"href":"https:\/\/tvc16.com\/portal\/wp-json\/wp\/v2\/types\/post"}],"author":[{"embeddable":true,"href":"https:\/\/tvc16.com\/portal\/wp-json\/wp\/v2\/users\/2"}],"replies":[{"embeddable":true,"href":"https:\/\/tvc16.com\/portal\/wp-json\/wp\/v2\/comments?post=6295"}],"version-history":[{"count":1,"href":"https:\/\/tvc16.com\/portal\/wp-json\/wp\/v2\/posts\/6295\/revisions"}],"predecessor-version":[{"id":6297,"href":"https:\/\/tvc16.com\/portal\/wp-json\/wp\/v2\/posts\/6295\/revisions\/6297"}],"wp:featuredmedia":[{"embeddable":true,"href":"https:\/\/tvc16.com\/portal\/wp-json\/wp\/v2\/media\/6296"}],"wp:attachment":[{"href":"https:\/\/tvc16.com\/portal\/wp-json\/wp\/v2\/media?parent=6295"}],"wp:term":[{"taxonomy":"category","embeddable":true,"href":"https:\/\/tvc16.com\/portal\/wp-json\/wp\/v2\/categories?post=6295"},{"taxonomy":"post_tag","embeddable":true,"href":"https:\/\/tvc16.com\/portal\/wp-json\/wp\/v2\/tags?post=6295"}],"curies":[{"name":"wp","href":"https:\/\/api.w.org\/{rel}","templated":true}]}}