{"id":6298,"date":"2020-11-21T13:29:23","date_gmt":"2020-11-21T16:29:23","guid":{"rendered":"https:\/\/tvc16.com\/portal\/?p=6298"},"modified":"2020-11-21T13:29:25","modified_gmt":"2020-11-21T16:29:25","slug":"eleicoes-2020-jamil-sabra-se-declara-neutro-no-segundo-turno","status":"publish","type":"post","link":"https:\/\/tvc16.com\/portal\/2020\/11\/21\/eleicoes-2020-jamil-sabra-se-declara-neutro-no-segundo-turno\/","title":{"rendered":"Elei\u00e7\u00f5es 2020: Jamil Sabr\u00e1 se declara neutro no segundo turno"},"content":{"rendered":"\n<p>                     NOTA DE POSICIONAMENTO NO SEGUNDO TURNO\u00a0<\/p>\n\n\n\n<p><br>Primeiramente quero agradecer aos 7.213 petropolitanos que acreditaram no nosso trabalho e nas nossas propostas para Petr\u00f3polis. Tamb\u00e9m reconhe\u00e7o todo trabalho da nossa equipe, os candidatos a vereador, do vice-prefeito Paulinho PP e do amigo querido Presidente do IRM Bernardo Santoro.<br>Irei no dia 29 exercer meu papel como cidad\u00e3o e refor\u00e7o a import\u00e2ncia do nosso direito a democracia e escolha do pr\u00f3ximo gestor.\u00a0<br>Me manterei NEUTRO nesse processo e n\u00e3o tomarei nenhum posicionamento pol\u00edtico.\u00a0<br>Desejo aos 15 vereadores eleitos na figura do nosso vereador Domingos Galante sabedoria e responsabilidade nesse momento de crise financeira, de sa\u00fade e pol\u00edtica. Ao pr\u00f3ximo prefeito, manterei como espinha dorsal das nossas propostas o que, para mim, \u00e9 a prioridade para 2021: gera\u00e7\u00e3o de emprego.\u00a0<br>Saio desse processo de cabe\u00e7a erguida e com uma maturidade que s\u00f3 quem disputa o pleito no executivo sabe. Estou muito feliz por tudo e principalmente pelo carinho recebido de todos ao longo dessa caminhada.\u00a0<br>Deu certo!<\/p>\n","protected":false},"excerpt":{"rendered":"<p>NOTA DE POSICIONAMENTO NO SEGUNDO TURNO\u00a0 Primeiramente quero agradecer aos 7.213 petropolitanos que acreditaram no<\/p>\n","protected":false},"author":2,"featured_media":6299,"comment_status":"open","ping_status":"open","sticky":false,"template":"","format":"standard","meta":{"footnotes":""},"categories":[12],"tags":[],"class_list":["post-6298","post","type-post","status-publish","format-standard","has-post-thumbnail","hentry","category-cidade"],"_links":{"self":[{"href":"https:\/\/tvc16.com\/portal\/wp-json\/wp\/v2\/posts\/6298","targetHints":{"allow":["GET"]}}],"collection":[{"href":"https:\/\/tvc16.com\/portal\/wp-json\/wp\/v2\/posts"}],"about":[{"href":"https:\/\/tvc16.com\/portal\/wp-json\/wp\/v2\/types\/post"}],"author":[{"embeddable":true,"href":"https:\/\/tvc16.com\/portal\/wp-json\/wp\/v2\/users\/2"}],"replies":[{"embeddable":true,"href":"https:\/\/tvc16.com\/portal\/wp-json\/wp\/v2\/comments?post=6298"}],"version-history":[{"count":1,"href":"https:\/\/tvc16.com\/portal\/wp-json\/wp\/v2\/posts\/6298\/revisions"}],"predecessor-version":[{"id":6300,"href":"https:\/\/tvc16.com\/portal\/wp-json\/wp\/v2\/posts\/6298\/revisions\/6300"}],"wp:featuredmedia":[{"embeddable":true,"href":"https:\/\/tvc16.com\/portal\/wp-json\/wp\/v2\/media\/6299"}],"wp:attachment":[{"href":"https:\/\/tvc16.com\/portal\/wp-json\/wp\/v2\/media?parent=6298"}],"wp:term":[{"taxonomy":"category","embeddable":true,"href":"https:\/\/tvc16.com\/portal\/wp-json\/wp\/v2\/categories?post=6298"},{"taxonomy":"post_tag","embeddable":true,"href":"https:\/\/tvc16.com\/portal\/wp-json\/wp\/v2\/tags?post=6298"}],"curies":[{"name":"wp","href":"https:\/\/api.w.org\/{rel}","templated":true}]}}