{"id":631,"date":"2020-09-17T13:01:49","date_gmt":"2020-09-17T13:01:49","guid":{"rendered":"https:\/\/tvc16.com\/portal\/?p=631"},"modified":"2020-09-17T13:01:49","modified_gmt":"2020-09-17T13:01:49","slug":"ministerio-da-saude-estende-atendimento-psicologico-do-telepsi-a-todos-profissionais-essenciais","status":"publish","type":"post","link":"https:\/\/tvc16.com\/portal\/2020\/09\/17\/ministerio-da-saude-estende-atendimento-psicologico-do-telepsi-a-todos-profissionais-essenciais\/","title":{"rendered":"Minist\u00e9rio da Sa\u00fade estende atendimento psicol\u00f3gico do TelePSI a todos profissionais essenciais"},"content":{"rendered":"\n<p>Professores, bombeiros, motoristas e cobradores de \u00f4nibus, policiais e outros profissionais de servi\u00e7os essenciais agora tamb\u00e9m podem ter consultas psicol\u00f3gicas e psiqui\u00e1tricas gratuitas pelo projeto <a href=\"https:\/\/www.gov.br\/mec\/pt-br\/assuntos\/noticias\/saude-amplia-apoio-psicologico-e-passa-a-atender-profissionais-da-educacao-e-outros-servicos-essenciais\">TelePSI<\/a>. O servi\u00e7o \u00e9 oferecido pelo Minist\u00e9rio da Sa\u00fade e pelo Hospital de Cl\u00ednicas de Porto Alegre (HCPA) e inicialmente, abrangia apenas profissionais da \u00e1rea de sa\u00fade que est\u00e3o na linha de frente contra a covid-19.<\/p>\n\n\n\n<p>O atendimento \u00e9 feito por meio de teleconsulta. Tamb\u00e9m \u00e9 preparada uma plataforma virtual para que as consultas sejam melhor realizadas pela internet.<\/p>\n\n\n\n<p>O objetivo \u00e9 atender aqueles profissionais que, durante a pandemia, podem estar sofrendo com ansiedade, depress\u00e3o, irritabilidade e transtorno de estresse agudo.<\/p>\n\n\n\n<p>Depois de fazer o primeiro contato por telefone, o participante do TelePSI precisa preencher um formul\u00e1rio digital. Depois, passam por tratamentos breves e podem continuar com at\u00e9 quatro sess\u00f5es por videochamada.<\/p>\n\n\n\n<p>Fonte: <a href=\"https:\/\/brasil61.com\/noticias\/ministerio-da-saude-estende-atendimento-psicologico-do-telepsi-a-todos-profissionais-essenciais-bras201847\" target=\"_blank\" rel=\"noreferrer noopener\">Brasil 61<\/a><\/p>\n","protected":false},"excerpt":{"rendered":"<p>Professores, bombeiros, motoristas e cobradores de \u00f4nibus, policiais e outros profissionais de servi\u00e7os essenciais agora<\/p>\n","protected":false},"author":2,"featured_media":632,"comment_status":"open","ping_status":"open","sticky":false,"template":"","format":"standard","meta":{"footnotes":""},"categories":[13],"tags":[],"class_list":["post-631","post","type-post","status-publish","format-standard","has-post-thumbnail","hentry","category-saude"],"_links":{"self":[{"href":"https:\/\/tvc16.com\/portal\/wp-json\/wp\/v2\/posts\/631","targetHints":{"allow":["GET"]}}],"collection":[{"href":"https:\/\/tvc16.com\/portal\/wp-json\/wp\/v2\/posts"}],"about":[{"href":"https:\/\/tvc16.com\/portal\/wp-json\/wp\/v2\/types\/post"}],"author":[{"embeddable":true,"href":"https:\/\/tvc16.com\/portal\/wp-json\/wp\/v2\/users\/2"}],"replies":[{"embeddable":true,"href":"https:\/\/tvc16.com\/portal\/wp-json\/wp\/v2\/comments?post=631"}],"version-history":[{"count":1,"href":"https:\/\/tvc16.com\/portal\/wp-json\/wp\/v2\/posts\/631\/revisions"}],"predecessor-version":[{"id":633,"href":"https:\/\/tvc16.com\/portal\/wp-json\/wp\/v2\/posts\/631\/revisions\/633"}],"wp:featuredmedia":[{"embeddable":true,"href":"https:\/\/tvc16.com\/portal\/wp-json\/wp\/v2\/media\/632"}],"wp:attachment":[{"href":"https:\/\/tvc16.com\/portal\/wp-json\/wp\/v2\/media?parent=631"}],"wp:term":[{"taxonomy":"category","embeddable":true,"href":"https:\/\/tvc16.com\/portal\/wp-json\/wp\/v2\/categories?post=631"},{"taxonomy":"post_tag","embeddable":true,"href":"https:\/\/tvc16.com\/portal\/wp-json\/wp\/v2\/tags?post=631"}],"curies":[{"name":"wp","href":"https:\/\/api.w.org\/{rel}","templated":true}]}}