{"id":6310,"date":"2020-11-21T20:08:52","date_gmt":"2020-11-21T23:08:52","guid":{"rendered":"https:\/\/tvc16.com\/portal\/?p=6310"},"modified":"2020-11-21T20:08:54","modified_gmt":"2020-11-21T23:08:54","slug":"bispo-diocesano-de-petropolis-se-recupera-bem-da-covid-19","status":"publish","type":"post","link":"https:\/\/tvc16.com\/portal\/2020\/11\/21\/bispo-diocesano-de-petropolis-se-recupera-bem-da-covid-19\/","title":{"rendered":"Bispo diocesano de Petr\u00f3polis se recupera bem da Covid-19"},"content":{"rendered":"\n<p>Mensagem de Dom Greg\u00f3rio Paix\u00e3o sobre seu estado de sa\u00fade Dom Greg\u00f3rio Paix\u00e3o, OSB, bispo da Diocese de Petr\u00f3polis, divulgou no in\u00edcio da tarde deste s\u00e1bado, 21 ,uma mensagem a todo povo de Deus falando sobre seu estado de sa\u00fade. Ele aproveitou para fazer um alerta a todos para que sigam as orienta\u00e7\u00f5es sanit\u00e1rias de preven\u00e7\u00e3o, frisando que tem observado um crescimento no n\u00famero de casos, principalmente nos dias que foi ao hospital fazer os exames. De acordo com ele, a recupera\u00e7\u00e3o est\u00e1 indo muito bem e acredita que, na pr\u00f3xima semana, j\u00e1 poder\u00e1 retomar algumas atividades, pois no momento segue a orienta\u00e7\u00e3o dos m\u00e9dicos e mant\u00e9m total repouso. Ele conclui a mensagem enviando a todos um ben\u00e7\u00e3o.<\/p>\n\n\n\n<figure class=\"wp-block-image size-large is-style-rounded\"><img loading=\"lazy\" decoding=\"async\" width=\"1024\" height=\"576\" src=\"https:\/\/tvc16.com\/portal\/wp-content\/uploads\/2020\/11\/maxresdefault-6-1024x576.jpg\" alt=\"\" class=\"wp-image-6311\" srcset=\"https:\/\/tvc16.com\/portal\/wp-content\/uploads\/2020\/11\/maxresdefault-6-1024x576.jpg 1024w, https:\/\/tvc16.com\/portal\/wp-content\/uploads\/2020\/11\/maxresdefault-6-300x169.jpg 300w, https:\/\/tvc16.com\/portal\/wp-content\/uploads\/2020\/11\/maxresdefault-6-768x432.jpg 768w, https:\/\/tvc16.com\/portal\/wp-content\/uploads\/2020\/11\/maxresdefault-6.jpg 1280w\" sizes=\"auto, (max-width: 1024px) 100vw, 1024px\" \/><\/figure>\n","protected":false},"excerpt":{"rendered":"<p>Mensagem de Dom Greg\u00f3rio Paix\u00e3o sobre seu estado de sa\u00fade Dom Greg\u00f3rio Paix\u00e3o, OSB, bispo<\/p>\n","protected":false},"author":2,"featured_media":6312,"comment_status":"open","ping_status":"open","sticky":false,"template":"","format":"standard","meta":{"footnotes":""},"categories":[12],"tags":[],"class_list":["post-6310","post","type-post","status-publish","format-standard","has-post-thumbnail","hentry","category-cidade"],"_links":{"self":[{"href":"https:\/\/tvc16.com\/portal\/wp-json\/wp\/v2\/posts\/6310","targetHints":{"allow":["GET"]}}],"collection":[{"href":"https:\/\/tvc16.com\/portal\/wp-json\/wp\/v2\/posts"}],"about":[{"href":"https:\/\/tvc16.com\/portal\/wp-json\/wp\/v2\/types\/post"}],"author":[{"embeddable":true,"href":"https:\/\/tvc16.com\/portal\/wp-json\/wp\/v2\/users\/2"}],"replies":[{"embeddable":true,"href":"https:\/\/tvc16.com\/portal\/wp-json\/wp\/v2\/comments?post=6310"}],"version-history":[{"count":1,"href":"https:\/\/tvc16.com\/portal\/wp-json\/wp\/v2\/posts\/6310\/revisions"}],"predecessor-version":[{"id":6313,"href":"https:\/\/tvc16.com\/portal\/wp-json\/wp\/v2\/posts\/6310\/revisions\/6313"}],"wp:featuredmedia":[{"embeddable":true,"href":"https:\/\/tvc16.com\/portal\/wp-json\/wp\/v2\/media\/6312"}],"wp:attachment":[{"href":"https:\/\/tvc16.com\/portal\/wp-json\/wp\/v2\/media?parent=6310"}],"wp:term":[{"taxonomy":"category","embeddable":true,"href":"https:\/\/tvc16.com\/portal\/wp-json\/wp\/v2\/categories?post=6310"},{"taxonomy":"post_tag","embeddable":true,"href":"https:\/\/tvc16.com\/portal\/wp-json\/wp\/v2\/tags?post=6310"}],"curies":[{"name":"wp","href":"https:\/\/api.w.org\/{rel}","templated":true}]}}