{"id":6317,"date":"2020-11-21T20:14:38","date_gmt":"2020-11-21T23:14:38","guid":{"rendered":"https:\/\/tvc16.com\/portal\/?p=6317"},"modified":"2020-11-21T20:14:40","modified_gmt":"2020-11-21T23:14:40","slug":"cristo-redentor-sera-iluminado-em-homenagem-a-encontro-de-jovens","status":"publish","type":"post","link":"https:\/\/tvc16.com\/portal\/2020\/11\/21\/cristo-redentor-sera-iluminado-em-homenagem-a-encontro-de-jovens\/","title":{"rendered":"Cristo Redentor ser\u00e1 iluminado em homenagem a encontro de jovens"},"content":{"rendered":"\n<h3 class=\"wp-block-heading\">Economia de Francisco reuniu virtualmente jovens do mundo inteiro<\/h3>\n\n\n\n<p>O monumento ao Cristo Redentor ser\u00e1 iluminado,&nbsp;hoje&nbsp;(21), \u00e0s 19h, nas cores verde-oliva, marrom claro e amarelo&nbsp;em homenagem ao evento mundial&nbsp;Economia de Francisco&nbsp;(EoF), que de forma virtual&nbsp;reuniu jovens do mundo inteiro, entre&nbsp;quinta-feira (19) e este&nbsp;s\u00e1bado, em refer\u00eancia a S\u00e3o Francisco de Assis, que, no s\u00e9culo 13,&nbsp;deixou a fortuna para se dedicar \u00e0 igualdade e \u00e0 natureza.<img decoding=\"async\" src=\"https:\/\/agenciabrasil.ebc.com.br\/ebc.png?id=1394158&amp;o=node\"><img decoding=\"async\" src=\"https:\/\/agenciabrasil.ebc.com.br\/ebc.gif?id=1394158&amp;o=node\"><\/p>\n\n\n\n<p>No encerramento do encontro, o papa Francisco disse aos jovens, por videomensagem, que \u00e9 tempo de ousar \u201co risco de favorecer e estimular modelos de desenvolvimento, de progresso e de sustentabilidade em que as pessoas, e especialmente os exclu\u00eddos, entre os quais a irm\u00e3 terra, deixem de ser uma presen\u00e7a meramente funcional, para se tornar protagonistas de sua vida, assim como de todo o tecido social\u201d.<\/p>\n\n\n\n<p>O papa afirmou ainda que pol\u00edtica e economia devem estar a servi\u00e7o da vida, especialmente&nbsp;da vida humana. \u201cA medida do desenvolvimento \u00e9 a humanidade. Sem esta centralidade e orienta\u00e7\u00e3o, ficaremos prisioneiros de um c\u00edrculo alienante que somente perpetuar\u00e1 din\u00e2micas de degrada\u00e7\u00e3o, exclus\u00e3o, viol\u00eancia e polariza\u00e7\u00e3o\u201d, destacou.<\/p>\n\n\n\n<p>Em outro momento, Francisco disse que descreditar, caluniar ou descontextualizar o interlocutor que n\u00e3o pensa como n\u00f3s \u00e9 \u201cum modo de se defender covardemente das decis\u00f5es que eu deveria assumir para resolver muitos problemas\u201d.<\/p>\n\n\n\n<p>O encontro Economia de Francisco&nbsp;\u00e9 uma&nbsp;iniciativa desenvolvida a partir do convite que o papa encaminhou a jovens economistas, estudantes e empres\u00e1rios do mundo inteiro, no dia 1\u00ba de maio do ano passado, durante a festa de S\u00e3o Jos\u00e9 Oper\u00e1rio. Para o pont\u00edfice, conforme afirmou&nbsp;na carta-convite, Assis era o lugar apropriado para inspirar uma nova economia, porque foi naquele lugar que Francisco abriu m\u00e3o da riqueza para seguir a Deus como b\u00fassola da sua vida, na defesa dos pobres.<\/p>\n\n\n\n<p>O papa Francisco convidou os jovens a fazerem um pacto, no esp\u00edrito de S\u00e3o Francisco, para uma economia mais justa, fraterna, sustent\u00e1vel e com um novo protagonismo de quem&nbsp;hoje&nbsp;\u00e9 exclu\u00eddo, buscando a solu\u00e7\u00e3o dos problemas estruturais da economia mundial.<\/p>\n\n\n\n<p>No total, se inscreveram 2 mil participantes de 120 pa\u00edses, que foram divididos em 12 vilas tem\u00e1ticas e mais de 60 grupos de cria\u00e7\u00e3o e debate de ideias inovadoras. O Santu\u00e1rio Cristo Redentor do Rio esteve presente no evento mundial, com a participa\u00e7\u00e3o do gestor de inova\u00e7\u00e3o do Santu\u00e1rio Henrique Seng\u00e8s.<\/p>\n\n\n\n<p>Por Cristina Indio do Brasil &#8211; Rep\u00f3rter da Ag\u00eancia Brasil &#8211; Rio de Janeiro<\/p>\n\n\n\n<p>Edi\u00e7\u00e3o: Gra\u00e7a Adjuto<\/p>\n","protected":false},"excerpt":{"rendered":"<p>Economia de Francisco reuniu virtualmente jovens do mundo inteiro O monumento ao Cristo Redentor ser\u00e1<\/p>\n","protected":false},"author":2,"featured_media":6318,"comment_status":"open","ping_status":"open","sticky":false,"template":"","format":"standard","meta":{"footnotes":""},"categories":[17],"tags":[],"class_list":["post-6317","post","type-post","status-publish","format-standard","has-post-thumbnail","hentry","category-outras-noticias"],"_links":{"self":[{"href":"https:\/\/tvc16.com\/portal\/wp-json\/wp\/v2\/posts\/6317","targetHints":{"allow":["GET"]}}],"collection":[{"href":"https:\/\/tvc16.com\/portal\/wp-json\/wp\/v2\/posts"}],"about":[{"href":"https:\/\/tvc16.com\/portal\/wp-json\/wp\/v2\/types\/post"}],"author":[{"embeddable":true,"href":"https:\/\/tvc16.com\/portal\/wp-json\/wp\/v2\/users\/2"}],"replies":[{"embeddable":true,"href":"https:\/\/tvc16.com\/portal\/wp-json\/wp\/v2\/comments?post=6317"}],"version-history":[{"count":1,"href":"https:\/\/tvc16.com\/portal\/wp-json\/wp\/v2\/posts\/6317\/revisions"}],"predecessor-version":[{"id":6319,"href":"https:\/\/tvc16.com\/portal\/wp-json\/wp\/v2\/posts\/6317\/revisions\/6319"}],"wp:featuredmedia":[{"embeddable":true,"href":"https:\/\/tvc16.com\/portal\/wp-json\/wp\/v2\/media\/6318"}],"wp:attachment":[{"href":"https:\/\/tvc16.com\/portal\/wp-json\/wp\/v2\/media?parent=6317"}],"wp:term":[{"taxonomy":"category","embeddable":true,"href":"https:\/\/tvc16.com\/portal\/wp-json\/wp\/v2\/categories?post=6317"},{"taxonomy":"post_tag","embeddable":true,"href":"https:\/\/tvc16.com\/portal\/wp-json\/wp\/v2\/tags?post=6317"}],"curies":[{"name":"wp","href":"https:\/\/api.w.org\/{rel}","templated":true}]}}