{"id":6320,"date":"2020-11-21T20:21:24","date_gmt":"2020-11-21T23:21:24","guid":{"rendered":"https:\/\/tvc16.com\/portal\/?p=6320"},"modified":"2020-11-21T20:21:26","modified_gmt":"2020-11-21T23:21:26","slug":"auxilio-emergencial-tem-datas-para-contestacao","status":"publish","type":"post","link":"https:\/\/tvc16.com\/portal\/2020\/11\/21\/auxilio-emergencial-tem-datas-para-contestacao\/","title":{"rendered":"Aux\u00edlio emergencial tem datas para contesta\u00e7\u00e3o"},"content":{"rendered":"\n<h3 class=\"wp-block-heading\">Minist\u00e9rio ampliou prazo para quem deixou de receber benef\u00edcio<\/h3>\n\n\n\n<p>Come\u00e7a hoje (21) o prazo de contesta\u00e7\u00e3o para benefici\u00e1rios do Bolsa Fam\u00edlia que receberam o aux\u00edlio emergencial e o aux\u00edlio emergencial extens\u00e3o, mas tiveram o pagamento cancelado.<img decoding=\"async\" src=\"https:\/\/agenciabrasil.ebc.com.br\/ebc.png?id=1394144&amp;o=node\"><img decoding=\"async\" src=\"https:\/\/agenciabrasil.ebc.com.br\/ebc.gif?id=1394144&amp;o=node\"><\/p>\n\n\n\n<p>Para quem obteve apenas o aux\u00edlio emergencial extens\u00e3o, que \u00e9 de R$ 300, a data final de contesta\u00e7\u00e3o do cancelamento vai at\u00e9 amanh\u00e3 (22). Para quem recebeu as parcelas regulares do aux\u00edlio emergencial, que foram de R$ 600, o prazo vai at\u00e9 30 de novembro para registro de reclama\u00e7\u00f5es.<\/p>\n\n\n\n<p>O governo n\u00e3o informou os prazos de an\u00e1lise dos processos que ser\u00e3o recebidos. Caso a an\u00e1lise do cadastro do benefici\u00e1rio seja positiva, a conta voltar\u00e1 a receber as parcelas do benef\u00edcio no m\u00eas subsequente.<\/p>\n\n\n\n<p>Conforme o governo, as informa\u00e7\u00f5es cadastrais dos beneficiados s\u00e3o cruzadas com diversas bases de dados, o que pode resultar em situa\u00e7\u00f5es incompat\u00edveis com as exig\u00eancias de cadastro para o benef\u00edcio.<\/p>\n\n\n\n<p>Pessoas com renda acima da regra, ocupantes de cargos eletivos, militares, servidores p\u00fablicos e portadores de CPFs (Cadastro de Pessoa F\u00edsica) em situa\u00e7\u00e3o irregular na Receita Federal n\u00e3o podem receber as parcelas do aux\u00edlio emergencial.<\/p>\n\n\n\n<h2 class=\"wp-block-heading\">Para registrar a ocorr\u00eancia<\/h2>\n\n\n\n<p>Para registrar uma queixa sobre a suspens\u00e3o do aux\u00edlio, basta acessar o&nbsp;<a href=\"http:\/\/consultaauxilio.dataprev.gov.br\/consulta\/?_ga=2.82181010.50709423.1603744651-1314995581.1594663922#\/\" target=\"_blank\" rel=\"noreferrer noopener\">portal Dataprev<\/a>&nbsp;de consulta do aux\u00edlio emergencial e preencher as informa\u00e7\u00f5es b\u00e1sicas do beneficiado, com nome completo, CPF, data de nascimento e nome da m\u00e3e.<\/p>\n\n\n\n<p>Ap\u00f3s o login, o beneficiado poder\u00e1 ver a raz\u00e3o da suspens\u00e3o do aux\u00edlio e contest\u00e1-la. Uma nova an\u00e1lise cadastral ser\u00e1 feita para checar irregularidades.<\/p>\n\n\n\n<p>Por Pedro Ivo de Oliveira &#8211; Rep\u00f3rter da Ag\u00eancia Brasil &#8211; Bras\u00edlia<\/p>\n\n\n\n<p>Edi\u00e7\u00e3o: Kleber Sampaio<\/p>\n","protected":false},"excerpt":{"rendered":"<p>Minist\u00e9rio ampliou prazo para quem deixou de receber benef\u00edcio Come\u00e7a hoje (21) o prazo de<\/p>\n","protected":false},"author":2,"featured_media":6321,"comment_status":"open","ping_status":"open","sticky":false,"template":"","format":"standard","meta":{"footnotes":""},"categories":[17],"tags":[],"class_list":["post-6320","post","type-post","status-publish","format-standard","has-post-thumbnail","hentry","category-outras-noticias"],"_links":{"self":[{"href":"https:\/\/tvc16.com\/portal\/wp-json\/wp\/v2\/posts\/6320","targetHints":{"allow":["GET"]}}],"collection":[{"href":"https:\/\/tvc16.com\/portal\/wp-json\/wp\/v2\/posts"}],"about":[{"href":"https:\/\/tvc16.com\/portal\/wp-json\/wp\/v2\/types\/post"}],"author":[{"embeddable":true,"href":"https:\/\/tvc16.com\/portal\/wp-json\/wp\/v2\/users\/2"}],"replies":[{"embeddable":true,"href":"https:\/\/tvc16.com\/portal\/wp-json\/wp\/v2\/comments?post=6320"}],"version-history":[{"count":1,"href":"https:\/\/tvc16.com\/portal\/wp-json\/wp\/v2\/posts\/6320\/revisions"}],"predecessor-version":[{"id":6322,"href":"https:\/\/tvc16.com\/portal\/wp-json\/wp\/v2\/posts\/6320\/revisions\/6322"}],"wp:featuredmedia":[{"embeddable":true,"href":"https:\/\/tvc16.com\/portal\/wp-json\/wp\/v2\/media\/6321"}],"wp:attachment":[{"href":"https:\/\/tvc16.com\/portal\/wp-json\/wp\/v2\/media?parent=6320"}],"wp:term":[{"taxonomy":"category","embeddable":true,"href":"https:\/\/tvc16.com\/portal\/wp-json\/wp\/v2\/categories?post=6320"},{"taxonomy":"post_tag","embeddable":true,"href":"https:\/\/tvc16.com\/portal\/wp-json\/wp\/v2\/tags?post=6320"}],"curies":[{"name":"wp","href":"https:\/\/api.w.org\/{rel}","templated":true}]}}