{"id":6323,"date":"2020-11-21T20:26:18","date_gmt":"2020-11-21T23:26:18","guid":{"rendered":"https:\/\/tvc16.com\/portal\/?p=6323"},"modified":"2020-11-21T20:26:20","modified_gmt":"2020-11-21T23:26:20","slug":"em-tempos-de-pandemia-o-papai-noel-e-virtual","status":"publish","type":"post","link":"https:\/\/tvc16.com\/portal\/2020\/11\/21\/em-tempos-de-pandemia-o-papai-noel-e-virtual\/","title":{"rendered":"Em tempos de pandemia, o Papai Noel \u00e9 virtual"},"content":{"rendered":"\n<h3 class=\"wp-block-heading\">Encontro com o bom velhinho ser\u00e1 virtual em 43% dos shoppings<\/h3>\n\n\n\n<p>O carinho que as crian\u00e7as transmitem \u00e9 o que transforma o trabalho de Anic\u00e9sio Le\u00f4nidas de Carvalho em alegria e felicidade. H\u00e1 sete anos ele representa o Papai Noel no Shopping Riosul, em Botafogo, zona sul do Rio, mas sua primeira oportunidade foi em Curitiba, onde mora. Ele lembra que at\u00e9 o Natal de 2019 era &#8220;muito bacana&#8221; o contato com as crian\u00e7as, e receber um sorriso e um abra\u00e7o sentado no trono do Papai Noel.<img decoding=\"async\" src=\"https:\/\/agenciabrasil.ebc.com.br\/ebc.png?id=1393968&amp;o=node\"><img decoding=\"async\" src=\"https:\/\/agenciabrasil.ebc.com.br\/ebc.gif?id=1393968&amp;o=node\"><\/p>\n\n\n\n<p>\u201cA crian\u00e7a v\u00ea o Papai Noel de longe, vem correndo e pula no pesco\u00e7o da gente, d\u00e1 aquele abra\u00e7o. E o abra\u00e7o e o carinho de uma crian\u00e7a \u00e9 uma coisa muito especial, isso me passava uma felicidade muito grande, por ver a alegria e a inoc\u00eancia da crian\u00e7a. \u00c9 muito bom\u201d, disse, em entrevista \u00e0<strong>&nbsp;Ag\u00eancia Brasil<\/strong>.<\/p>\n\n\n\n<p>Aos 74 anos, o ator de Papai Noel&nbsp;disse que nem passava por sua imagina\u00e7\u00e3o chegar \u201ca uma era dessa, de pandemia&#8221;, sendo obrigado a mudar a produ\u00e7\u00e3o de seu trabalho, que hoje n\u00e3o pode mais ser presencial. Agora, ele conta com a tecnologia para se aproximar de seguidores fi\u00e9is e \u00e1vidos por fazer pedidos. \u201cEu converso daqui [de Curitiba] com a crian\u00e7a e chego a me sentir perto dela, que d\u00e1 aquele sorriso, e vem aquela alegria de conversar, vendo o Papai Noel\u201d, disse.<\/p>\n\n\n\n<p>At\u00e9 o dia 24 de dezembro, o contato das crian\u00e7as com o Papai Noel vai ocorrer por meio de&nbsp;<em>lives<\/em>&nbsp;transmitidas por um tel\u00e3o, das 13 \u00e0s 21h. Os registros fotogr\u00e1ficos ter\u00e3o, inseridos digitalmente, um cen\u00e1rio com o trono e decora\u00e7\u00e3o t\u00edpica natalina. Tudo conforme o protocolo, com regras de seguran\u00e7a e higiene. \u201cEu, aqui em Curitiba, e a crian\u00e7a, no Shopping Riosul. Para mim, \u00e9 uma coisa in\u00e9dita. Na minha concep\u00e7\u00e3o, o mundo mudou de verdade e muito. A tecnologia est\u00e1 muito adiantada.\u201d<\/p>\n\n\n\n<h2 class=\"wp-block-heading\">V\u00eddeo Noel<\/h2>\n\n\n\n<p>Outra iniciativa do Shopping Riosul \u00e9 o&nbsp;<a href=\"https:\/\/riosul.com.br\/wp-content\/uploads\/2020\/11\/REGULAMENTO-WHATSNOEL-RIOSUL.pdf\" target=\"_blank\" rel=\"noreferrer noopener\">projeto Noel Virtual<\/a>&nbsp;que, a&nbsp;partir de hoje (21) vai proporcionar videochamadas de at\u00e9 cinco minutos por WhatsApp, devendo ser agendadas previamente pelo aplicativo. Nas chamadas, a crian\u00e7a poder\u00e1 conversar com o Papai Noel e pedir para gravar um cart\u00e3o de presente para uma pessoa querida.<\/p>\n\n\n\n<p>No entanto, nada disso pode ser comparado com o que Anic\u00e9sio Carvalho tem em sua mem\u00f3ria. Ele conta que seu av\u00f4, produtor de farinha de milho, tinha um telefone grande, com fone e microfone separados, e era preciso fazer muito esfor\u00e7o para se comunicar.<\/p>\n\n\n\n<p>\u201cLembro que, para o meu av\u00f4 entrar em contato com o cliente,&nbsp;da cidade de 40 mil habitantes onde mor\u00e1vamos, \u00e0s vezes era preciso pular na frente do telefone, falando alto para o cliente ouvir. Com o sistema atual, se me contassem h\u00e1 20 ou 30 anos, eu diria que isso n\u00e3o existe e que nunca vai existir, porque \u00e9 totalmente diferente.\u201d<\/p>\n\n\n\n<p>Mesmo com a comunica\u00e7\u00e3o digital, o carinho continua o mesmo e o contato com as crian\u00e7as tem sido surpreendente, segundo Anic\u00e9sio. \u201cA gente nota&nbsp;a felicidade no olhar da crian\u00e7a. Parece que estamos pertinho, olho no olho, prontos para dar um abra\u00e7o. Cruzo os bra\u00e7os e digo: esse \u00e9 um abra\u00e7o para voc\u00ea. Quando eu soube que ia trabalhar desse modo, n\u00e3o sabia que seria t\u00e3o legal quanto est\u00e1 sendo\u201d, afirmou.<\/p>\n\n\n\n<p>Para compor o personagem, Anic\u00e9sio se veste de Papai Noel em um est\u00fadio de Curitiba. \u201c\u00c9 um cen\u00e1rio natalino. Est\u00e1 sendo bem melhor do que eu imaginava. Uma experi\u00eancia nov\u00edssima. Se no ano passado chegasse algu\u00e9m e me dissesse que este ano ia ser assim, eu n\u00e3o acreditaria e diria que era imposs\u00edvel. Mas \u00e9 poss\u00edvel, sim.\u201d<\/p>\n\n\n\n<h2 class=\"wp-block-heading\">Shoppings<\/h2>\n\n\n\n<p>De acordo com levantamento da Associa\u00e7\u00e3o Brasileira de Shoppings Centers (Abrasce), 43% dos associados ter\u00e3o o Papai Noel de forma virtual, devido \u00e0 pandemia da covid-19. Eles seguem o protocolo sanit\u00e1rio estabelecido pela entidade, em parceria com a \u00e1rea de consultoria do hospital S\u00edrio-Liban\u00eas, uma das refer\u00eancias em sa\u00fade no pa\u00eds.<\/p>\n\n\n\n<p>Pelo menos 24% dos&nbsp;<em>shoppings<\/em>&nbsp;ainda avaliam uma estrat\u00e9gia vi\u00e1vel para o apresentar o Papai Noel e 19% n\u00e3o pretendem contar com o bom velhinho neste ano.<\/p>\n\n\n\n<p>Segundo a Abrasce, aproximadamente 14% dos empreendimentos ter\u00e3o um Papai Noel isolado do p\u00fablico ou um boneco dele dispon\u00edvel para fotos. Para o presidente da Abrasce, Glauco Humai, o momento \u00e9 de refor\u00e7ar a confian\u00e7a que o consumidor tem nos&nbsp;<em>shoppings<\/em>&nbsp;e receb\u00ea-lo com seguran\u00e7a para fazer&nbsp;suas compras, evitando fluxo intenso de pessoas.<\/p>\n\n\n\n<p>Para a gerente de Marketing do Shopping Riosul, Fabiana de Luna, as crian\u00e7as j\u00e1 t\u00eam familiaridade com a tecnologia. Isso foi ainda mais intensificado durante a pandemia, quando precisaram ficar em isolamento social e distantes, por exemplo, dos av\u00f3s e sala de aula.<\/p>\n\n\n\n<p>\u201cN\u00e3o vejo mais uma liga\u00e7\u00e3o dos av\u00f3s com os meus filhos apenas por voz. S\u00e3o sempre por meio de v\u00eddeo. O av\u00f4 que n\u00e3o gostava de mexer, acabou&nbsp; aprendendo. Faz sentido, quando voc\u00ea pergunta se a crian\u00e7a quer falar com Papai Noel por v\u00eddeo. Ela est\u00e1 contextualizada, n\u00e3o \u00e9 uma deformidade do processo. Faz parte desse momento\u201d, disse Anic\u00e9sio \u00e0&nbsp;<strong>Ag\u00eancia Brasil<\/strong>.<\/p>\n\n\n\n<p>O ator de Papai Noel, que tem 8 filhos, mais de 20 netos, 4 bisnetos e 2 tataranetos, tamb\u00e9m tem um pedido ao bom velhinho: ele quer um socorro para a covid-19. \u201cEu mesmo, com 74 anos, sofro bastante. Tenho fam\u00edlia grande e medo por meus filhos, sendo que alguns j\u00e1 pegaram a doen\u00e7a.&#8221;<\/p>\n\n\n\n<p>Por Cristina Indio do Brasil &#8211; Rep\u00f3rter da Ag\u00eancia Brasil &#8211; Rio de Janeiro<\/p>\n\n\n\n<p>Edi\u00e7\u00e3o: Maria Claudia<\/p>\n","protected":false},"excerpt":{"rendered":"<p>Encontro com o bom velhinho ser\u00e1 virtual em 43% dos shoppings O carinho que as<\/p>\n","protected":false},"author":2,"featured_media":6324,"comment_status":"open","ping_status":"open","sticky":false,"template":"","format":"standard","meta":{"footnotes":""},"categories":[21],"tags":[],"class_list":["post-6323","post","type-post","status-publish","format-standard","has-post-thumbnail","hentry","category-cultura"],"_links":{"self":[{"href":"https:\/\/tvc16.com\/portal\/wp-json\/wp\/v2\/posts\/6323","targetHints":{"allow":["GET"]}}],"collection":[{"href":"https:\/\/tvc16.com\/portal\/wp-json\/wp\/v2\/posts"}],"about":[{"href":"https:\/\/tvc16.com\/portal\/wp-json\/wp\/v2\/types\/post"}],"author":[{"embeddable":true,"href":"https:\/\/tvc16.com\/portal\/wp-json\/wp\/v2\/users\/2"}],"replies":[{"embeddable":true,"href":"https:\/\/tvc16.com\/portal\/wp-json\/wp\/v2\/comments?post=6323"}],"version-history":[{"count":1,"href":"https:\/\/tvc16.com\/portal\/wp-json\/wp\/v2\/posts\/6323\/revisions"}],"predecessor-version":[{"id":6325,"href":"https:\/\/tvc16.com\/portal\/wp-json\/wp\/v2\/posts\/6323\/revisions\/6325"}],"wp:featuredmedia":[{"embeddable":true,"href":"https:\/\/tvc16.com\/portal\/wp-json\/wp\/v2\/media\/6324"}],"wp:attachment":[{"href":"https:\/\/tvc16.com\/portal\/wp-json\/wp\/v2\/media?parent=6323"}],"wp:term":[{"taxonomy":"category","embeddable":true,"href":"https:\/\/tvc16.com\/portal\/wp-json\/wp\/v2\/categories?post=6323"},{"taxonomy":"post_tag","embeddable":true,"href":"https:\/\/tvc16.com\/portal\/wp-json\/wp\/v2\/tags?post=6323"}],"curies":[{"name":"wp","href":"https:\/\/api.w.org\/{rel}","templated":true}]}}