{"id":63327,"date":"2023-07-11T05:00:00","date_gmt":"2023-07-11T08:00:00","guid":{"rendered":"https:\/\/tvc16.com\/portal\/?p=63327"},"modified":"2023-07-10T14:42:50","modified_gmt":"2023-07-10T17:42:50","slug":"ultimos-dias-para-realizar-inscricao-para-o-i-seminario-de-cancer-de-cabeca-e-pescoco","status":"publish","type":"post","link":"https:\/\/tvc16.com\/portal\/2023\/07\/11\/ultimos-dias-para-realizar-inscricao-para-o-i-seminario-de-cancer-de-cabeca-e-pescoco\/","title":{"rendered":"\u00daltimos dias para realizar inscri\u00e7\u00e3o para o \u201cI semin\u00e1rio de c\u00e2ncer de cabe\u00e7a e pesco\u00e7o\u201d"},"content":{"rendered":"\n<p>Associa\u00e7\u00e3o Petropolitana dos Pacientes Oncol\u00f3gicos em parceria com a RadioSerra \u2013 Centro Regional de Radioterapia, o I Semin\u00e1rio de C\u00e2ncer de Cabe\u00e7a e Pesco\u00e7o &#8211; A Complexidade do Cuidado, entra na reta final do processo de inscri\u00e7\u00e3o. No total s\u00e3o 300 vagas destinadas para profissionais da sa\u00fade, estudantes do segmento e pessoas interessadas no assunto.<\/p>\n\n\n\n<p>O evento que ser\u00e1 realizado no s\u00e1bado, 15 de julho de 2023, das 8h30 \u00e0s 12h30, na Unifase, \u00e0 Avenida Bar\u00e3o do Rio Branco, 1003 &#8211; Centro, \u00e9 um sonho da APPO, que se torna realidade. A institui\u00e7\u00e3o h\u00e1 tempos vem percebendo o aumento de pacientes com tumores de cabe\u00e7a e pesco\u00e7o chegarem at\u00e9 a institui\u00e7\u00e3o solicitando apoio dos mais diversos tipos e por isso a necessidade latente de se oferecer informa\u00e7\u00f5es de qualidade para profissionais e sociedade.<\/p>\n\n\n\n<p>\u201cEstamos muito felizes em estarmos realizando este Semin\u00e1rio, pois no Estatuto da APPO, a dissemina\u00e7\u00e3o de informa\u00e7\u00f5es sobre c\u00e2ncer \u00e9 um t\u00f3pico que respeitamos muito. Contudo o evento s\u00f3 se tornou vi\u00e1vel gra\u00e7as ao apoio da Prefeitura Municipal de Petr\u00f3polis, da Secretaria Municipal de Sa\u00fade, HAC \u2013 Hospital Alcides Carneiro, Sehac &#8211; Servi\u00e7o Social Aut\u00f4nomo Hospital Alcides Carneiro e da Unifase &#8211; Centro Universit\u00e1rio Arthur S\u00e1 Earp Neto, bem como do patroc\u00ednio da Editora Vozes\u201d, pontuou Ana Cristina Mattos, presidente volunt\u00e1ria da APPO.<\/p>\n\n\n\n<p>De acordo com a Associa\u00e7\u00e3o a programa\u00e7\u00e3o foi elaborada a muitas m\u00e3os e teve como norteador trazer a tem\u00e1tica, pouco discutida na cidade, para os profissionais da \u00e1rea, estudantes e sociedade.<\/p>\n\n\n\n<p><strong>Veja a programa\u00e7\u00e3o completa:<br><\/strong>8h30 &#8211; Credenciamento<br>9h &#8211; Abertura<br>9h30 &#8211; Preven\u00e7\u00e3o, fatores de risco, sinais a serem observados.<br>Ingrid Campos Moura \u2013 Oncologista<br>9h55 &#8211; Incid\u00eancia no HAC, avalia\u00e7\u00e3o e procedimentos cir\u00fargicos.<br>Stefano Fiuza &#8211; Cirurgi\u00e3o de cabe\u00e7a e pesco\u00e7o<br>10h20 &#8211; Op\u00e7\u00f5es terap\u00eauticas, casos de vida real, tratamento multidisciplinar e rea\u00e7\u00f5es normais ao tratamento.<br>Daniel Przybysz &#8211; Radio-Oncologista<br>10h45 &#8211; Acompanhamento em fonoaudiologia.<br>Marcia Costa \u2013 Fonoaudi\u00f3loga<br>11h10 &#8211; A influ\u00eancia do acompanhamento nutricional, perda de olfato e paladar, especificidades da alimenta\u00e7\u00e3o no c\u00e2ncer cabe\u00e7a e pesco\u00e7o.<br>\u00c2ngela Baptista &#8211; Nutricionista<br>11h35 &#8211; O cirurgi\u00e3o dentista na equipe multidisciplinar.<br>Angelica Sant&#8217;Anna \u2013 Odont\u00f3loga<br>12h \u2013 Apresenta\u00e7\u00e3o de caso real<br>12h15 &#8211; Bate bola \u2013 perguntas e respostas.<\/p>\n\n\n\n<p>\u201c\u00c9 importante ressaltar que o evento se trata de uma atividade gratuita, mas que estamos solicitando a doa\u00e7\u00e3o 1kg de alimento, por pessoa inscrita. Neste momento estamos solicitando arroz, feij\u00e3o e leite em p\u00f3, que ser\u00e3o destinados ao uso da Casa de Apoio da APPO e tamb\u00e9m para compor as cestas de alimentos que doamos mensalmente para 60 fam\u00edlias de pacientes oncol\u00f3gicos, em vulnerabilidade social, assistidas e acompanhados pelo Setor de Servi\u00e7o Social da institui\u00e7\u00e3o\u201d, ponderou Ana Cristina.<\/p>\n\n\n\n<p>Aos interessados em participar do evento, as inscri\u00e7\u00f5es s\u00e3o feitas por meio de um formul\u00e1rio on-line no link: https:\/\/me-qr.com\/JxEwzqAW. Para facilitar a APPO postou em suas m\u00eddias sociais, Facebook e Instagram, um QRcode que redireciona automaticamente os interessados para a ficha de inscri\u00e7\u00e3o.<\/p>\n\n\n\n<p>Para realizar a inscri\u00e7\u00e3o basta informar: nome completo, e-mail, idade, escolaridade, profiss\u00e3o, institui\u00e7\u00e3o que representa, caso seja o caso, telefone de contato e cidade em que reside. As informa\u00e7\u00f5es do formul\u00e1rio ser\u00e3o utilizadas apenas pela APPO com a finalidade de gerar as inscri\u00e7\u00f5es.<\/p>\n\n\n\n<p>Mais informa\u00e7\u00f5es sobre o evento podem ser adquiridas pessoalmente na sede da Associa\u00e7\u00e3o, \u00e0 Rua Visconde da Penha, n\u00ba 72 &#8211; Centro \u2013 Petr\u00f3polis \u2013 RJ, obter informa\u00e7\u00f5es pelo telefone fixo (24) 2242-0956, WhastsApp (24) 99274-1377, site www.appo.org.br, e-mail appo@appo.org.br ou nas m\u00eddias sociais Facebook @appo.org (https:\/\/www.facebook.comappo.org) e Instagram @associacaopetropolitana (https:\/\/www.instagram.com\/associacaopetropolitana\/).<\/p>\n\n\n\n<p>Foto: divulga\u00e7\u00e3o<\/p>\n","protected":false},"excerpt":{"rendered":"<p>Associa\u00e7\u00e3o Petropolitana dos Pacientes Oncol\u00f3gicos em parceria com a RadioSerra \u2013 Centro Regional de Radioterapia,<\/p>\n","protected":false},"author":2,"featured_media":63328,"comment_status":"open","ping_status":"open","sticky":false,"template":"","format":"standard","meta":{"footnotes":""},"categories":[12],"tags":[],"class_list":["post-63327","post","type-post","status-publish","format-standard","has-post-thumbnail","hentry","category-cidade"],"_links":{"self":[{"href":"https:\/\/tvc16.com\/portal\/wp-json\/wp\/v2\/posts\/63327","targetHints":{"allow":["GET"]}}],"collection":[{"href":"https:\/\/tvc16.com\/portal\/wp-json\/wp\/v2\/posts"}],"about":[{"href":"https:\/\/tvc16.com\/portal\/wp-json\/wp\/v2\/types\/post"}],"author":[{"embeddable":true,"href":"https:\/\/tvc16.com\/portal\/wp-json\/wp\/v2\/users\/2"}],"replies":[{"embeddable":true,"href":"https:\/\/tvc16.com\/portal\/wp-json\/wp\/v2\/comments?post=63327"}],"version-history":[{"count":1,"href":"https:\/\/tvc16.com\/portal\/wp-json\/wp\/v2\/posts\/63327\/revisions"}],"predecessor-version":[{"id":63329,"href":"https:\/\/tvc16.com\/portal\/wp-json\/wp\/v2\/posts\/63327\/revisions\/63329"}],"wp:featuredmedia":[{"embeddable":true,"href":"https:\/\/tvc16.com\/portal\/wp-json\/wp\/v2\/media\/63328"}],"wp:attachment":[{"href":"https:\/\/tvc16.com\/portal\/wp-json\/wp\/v2\/media?parent=63327"}],"wp:term":[{"taxonomy":"category","embeddable":true,"href":"https:\/\/tvc16.com\/portal\/wp-json\/wp\/v2\/categories?post=63327"},{"taxonomy":"post_tag","embeddable":true,"href":"https:\/\/tvc16.com\/portal\/wp-json\/wp\/v2\/tags?post=63327"}],"curies":[{"name":"wp","href":"https:\/\/api.w.org\/{rel}","templated":true}]}}