{"id":63341,"date":"2023-07-11T05:00:00","date_gmt":"2023-07-11T08:00:00","guid":{"rendered":"https:\/\/tvc16.com\/portal\/?p=63341"},"modified":"2023-07-10T17:30:17","modified_gmt":"2023-07-10T20:30:17","slug":"sala-de-trauma-do-hospital-santa-teresa-registra-132-atendimentos-em-junho","status":"publish","type":"post","link":"https:\/\/tvc16.com\/portal\/2023\/07\/11\/sala-de-trauma-do-hospital-santa-teresa-registra-132-atendimentos-em-junho\/","title":{"rendered":"Sala de trauma do Hospital Santa Teresa registra 132 atendimentos em junho"},"content":{"rendered":"\n<p>No m\u00eas de junho, a sala de trauma do Hospital Santa Teresa, em Petr\u00f3polis, registrou 132 interna\u00e7\u00f5es decorrentes de acidentes. Os dados revelam que pessoas com idades entre 18 e 60 anos incompletos foram as mais afetadas, contabilizando 105 casos. Se comparados com o m\u00eas anterior, os n\u00fameros apontam que houve estabilidade. Em maio, o hospital tamb\u00e9m registrou a entrada de 132 pacientes no espa\u00e7o. Em seguida, est\u00e3o os pacientes com mais de 60 anos, totalizando 20 interna\u00e7\u00f5es. Houve ainda sete atendimentos de jovens menores de 18 anos incompletos.<\/p>\n\n\n\n<p>Os dados apresentados foram coletados a partir dos atendimentos realizados pelo conv\u00eanio e pelo Sistema \u00danico de Sa\u00fade (SUS). Os acidentes envolvendo motocicletas lideraram o ranking de interna\u00e7\u00f5es, com 62 ocorr\u00eancias em junho. Dentre esses casos, 52 v\u00edtimas eram homens e dez eram mulheres. Outras 23 v\u00edtimas foram internadas ap\u00f3s acidentes envolvendo carro, sendo 14 homens e nove mulheres. Al\u00e9m disso, dez pessoas deram entrada no hospital como v\u00edtimas de atropelamento, sendo sete homens e tr\u00eas mulheres.<\/p>\n\n\n\n<p>A sala de trauma destaca que os acidentes relacionados a quedas representaram um total de 27 interna\u00e7\u00f5es, sendo 15 homens e 12 mulheres. Um homem foi atendido na unidade ap\u00f3s ser agredido. Outros nove casos de acidentes n\u00e3o identificados que resultaram em atendimentos m\u00e9dicos.<\/p>\n\n\n\n<p>por Larissa Martins\/Foto: Wendel Fernandes <\/p>\n","protected":false},"excerpt":{"rendered":"<p>No m\u00eas de junho, a sala de trauma do Hospital Santa Teresa, em Petr\u00f3polis, registrou<\/p>\n","protected":false},"author":2,"featured_media":63344,"comment_status":"open","ping_status":"open","sticky":false,"template":"","format":"standard","meta":{"footnotes":""},"categories":[12],"tags":[],"class_list":["post-63341","post","type-post","status-publish","format-standard","has-post-thumbnail","hentry","category-cidade"],"_links":{"self":[{"href":"https:\/\/tvc16.com\/portal\/wp-json\/wp\/v2\/posts\/63341","targetHints":{"allow":["GET"]}}],"collection":[{"href":"https:\/\/tvc16.com\/portal\/wp-json\/wp\/v2\/posts"}],"about":[{"href":"https:\/\/tvc16.com\/portal\/wp-json\/wp\/v2\/types\/post"}],"author":[{"embeddable":true,"href":"https:\/\/tvc16.com\/portal\/wp-json\/wp\/v2\/users\/2"}],"replies":[{"embeddable":true,"href":"https:\/\/tvc16.com\/portal\/wp-json\/wp\/v2\/comments?post=63341"}],"version-history":[{"count":1,"href":"https:\/\/tvc16.com\/portal\/wp-json\/wp\/v2\/posts\/63341\/revisions"}],"predecessor-version":[{"id":63345,"href":"https:\/\/tvc16.com\/portal\/wp-json\/wp\/v2\/posts\/63341\/revisions\/63345"}],"wp:featuredmedia":[{"embeddable":true,"href":"https:\/\/tvc16.com\/portal\/wp-json\/wp\/v2\/media\/63344"}],"wp:attachment":[{"href":"https:\/\/tvc16.com\/portal\/wp-json\/wp\/v2\/media?parent=63341"}],"wp:term":[{"taxonomy":"category","embeddable":true,"href":"https:\/\/tvc16.com\/portal\/wp-json\/wp\/v2\/categories?post=63341"},{"taxonomy":"post_tag","embeddable":true,"href":"https:\/\/tvc16.com\/portal\/wp-json\/wp\/v2\/tags?post=63341"}],"curies":[{"name":"wp","href":"https:\/\/api.w.org\/{rel}","templated":true}]}}