{"id":63346,"date":"2023-07-10T17:32:13","date_gmt":"2023-07-10T20:32:13","guid":{"rendered":"https:\/\/tvc16.com\/portal\/?p=63346"},"modified":"2023-07-10T17:32:15","modified_gmt":"2023-07-10T20:32:15","slug":"fiocruz-cria-observatorio-para-discutir-o-sus","status":"publish","type":"post","link":"https:\/\/tvc16.com\/portal\/2023\/07\/10\/fiocruz-cria-observatorio-para-discutir-o-sus\/","title":{"rendered":"Fiocruz cria observat\u00f3rio para discutir o SUS"},"content":{"rendered":"\n<p><em>Por Vin\u00edcius Lisboa &#8211; Rep\u00f3rter da Ag\u00eancia Brasil &#8211; Rio de Janeiro<\/em><\/p>\n\n\n\n<p>A Funda\u00e7\u00e3o Oswaldo Cruz (Fiocruz) lan\u00e7ou na tarde desta segunda-feira (10) o Observat\u00f3rio do Sistema \u00danico de Sa\u00fade (SUS), um espa\u00e7o para discutir solu\u00e7\u00f5es para o sistema p\u00fablico de sa\u00fade brasileiro. A proposta \u00e9 que participem integrantes da academia, da gest\u00e3o p\u00fablica e tamb\u00e9m representantes de movimentos sociais e dos trabalhadores e usu\u00e1rios do SUS, para tratar de problemas cr\u00f4nicos e novos desafios. Ser\u00e1 poss\u00edvel participar das atividades presencial e remotamente.<\/p>\n\n\n\n<p>O observat\u00f3rio \u00e9 vinculado \u00e0 Escola Nacional de Sa\u00fade P\u00fablica Sergio Arouca (Ensp\/Fiocruz), e tem como inspira\u00e7\u00e3o outros observat\u00f3rios criados na \u00e1rea da sa\u00fade. Um deles \u00e9 o Observat\u00f3rio Covid-19 da pr\u00f3pria Fiocruz, que produziu monitoramentos e proposi\u00e7\u00f5es relevantes durante a pandemia, como o acompanhamento semanal da ocupa\u00e7\u00e3o de leitos de terapia intensiva.<\/p>\n\n\n\n<p>O vice-diretor da Escola de Governo em Sa\u00fade da Ensp\/Fiocruz, Eduardo Melo, anunciou que o primeiro semin\u00e1rio a ser realizado pelo observat\u00f3rio ser\u00e1 em 1\u00b0 de setembro, com o Financiamento do SUS como tema. O evento ter\u00e1 parceria da Associa\u00e7\u00e3o Brasileira de Sa\u00fade Coletiva (Abrasco).<\/p>\n\n\n\n<p>&#8220;A gente tem uma expectativa muito grande de fazer um evento que n\u00e3o s\u00f3 analise essa quest\u00e3o, mas elabore proposi\u00e7\u00f5es para esse subfinanciamento cr\u00f4nico que a gente enfrenta no SUS&#8221;, disse.<\/p>\n\n\n\n<p>Melo destacou que o observat\u00f3rio poder\u00e1 servir como um lugar de encontro entre diferentes pontos de vista sobre o SUS, para produzir uma vis\u00e3o de conjunto sobre os temas que ser\u00e3o abordados.<\/p>\n\n\n\n<p>Representando o Minist\u00e9rio de Sa\u00fade no lan\u00e7amento, o assessor especial da Sa\u00fade dos Territ\u00f3rios Vulner\u00e1veis Valcler Rangel ressaltou que o SUS \u00e9 a maior ferramenta de defesa da vida no pa\u00eds, e que os debates sobre ele envolvem tamb\u00e9m quest\u00f5es econ\u00f4micas, pol\u00edticas e interseccionais, al\u00e9m da crise clim\u00e1tica e a inclus\u00e3o das popula\u00e7\u00f5es e seus territ\u00f3rios.<\/p>\n\n\n\n<p>&#8220;A vit\u00f3ria cotidiana contra a destrui\u00e7\u00e3o do SUS, contra as amea\u00e7as ambientais, contra a fome e contra a pobreza tem que ser um desafio colocado tamb\u00e9m para esse observat\u00f3rio. N\u00e3o pode ser apenas t\u00e9cnico, voltado para a tecnologia, que o SUS tem muita&#8221;, disse.<\/p>\n\n\n\n<p>Al\u00e9m da apresenta\u00e7\u00e3o da proposta, a Ensp\/Fiocruz promoveu uma confer\u00eancia inaugural com o m\u00e9dico sanitarista Gast\u00e3o Wagner de Sousa Campos, doutor em Sa\u00fade Coletiva pela Universidade Estadual de Campinas (Unicamp). O t\u00edtulo da confer\u00eancia questionava se o SUS estava sob amea\u00e7a ou diante de uma janela de oportunidade, e o pesquisador iniciou sua apresenta\u00e7\u00e3o afirmando que, na verdade, ambas ocorrem simultaneamente.<\/p>\n\n\n\n<p>&#8220;Apesar de o SUS estar na Constitui\u00e7\u00e3o, na lei, tem muita gente querendo retroagir \u00e0 Constitui\u00e7\u00e3o, em rela\u00e7\u00e3o ao SUS e em rela\u00e7\u00e3o aos direitos trabalhistas, por exemplo&#8221;, disse. Ele ressaltou as amea\u00e7as pol\u00edticas como as press\u00f5es para derrubar a ministra da Sa\u00fade, N\u00edsia Trindade, por parte de grupos que desejam assumir o minist\u00e9rio. &#8220;A proposta de sa\u00fade que eles t\u00eam \u00e9 de enfraquecimento do SUS, como foi nos governos [Micherl] Temer e [Jair] Bolsonaro. Eles querem privatizar, terceirizar, comprar servi\u00e7os. O presidente Lula disse que n\u00e3o vai ceder, mas \u00e9 uma amea\u00e7a constante&#8221;.<\/p>\n\n\n\n<p>O sanitarista tamb\u00e9m v\u00ea uma janela de oportunidade com a nomea\u00e7\u00e3o de uma ministra que se declara &#8220;ministra do SUS&#8221; e defende seus princ\u00edpios, uma vez que o minist\u00e9rio tem grande capacidade de articula\u00e7\u00e3o do sistema e de indu\u00e7\u00e3o de suas diretrizes em outros entes federativos.<\/p>\n\n\n\n<p>&#8220;Ter o Minist\u00e9rio da Sa\u00fade pr\u00f3-SUS, proativo, antirracista, antimachista, pelo desenvolvimento econ\u00f4mico, pelo meio ambiente, \u00e9 muito importante&#8221;, disse Sousa Campos.<\/p>\n\n\n\n<p>Entre alguns desafios dos pr\u00f3ximos anos, ele destacou a necessidade de dobrar a cobertura da aten\u00e7\u00e3o prim\u00e1ria, que hoje chega a cerca de 50% da popula\u00e7\u00e3o brasileira. Para tal, ele defendeu que \u00e9 preciso avan\u00e7ar em pol\u00edticas como o Mais M\u00e9dicos, com a ado\u00e7\u00e3o de concursos p\u00fablicos e carreiras para equipes multiprofissionais, em vez de apenas contrata\u00e7\u00f5es de m\u00e9dicos por bolsas tempor\u00e1rias.<\/p>\n\n\n\n<p>&#8220;S\u00f3 na aten\u00e7\u00e3o prim\u00e1ria, nesses pr\u00f3ximos quatro anos, vamos precisar de R$ 5 bilh\u00f5es por ano a mais, o que \u00e9 super vi\u00e1vel do ponto de vista econ\u00f4mico&#8221;, disse.<\/p>\n\n\n\n<p>Ele defendeu que a pol\u00edtica de aten\u00e7\u00e3o prim\u00e1ria do SUS \u00e9 uma das mais sofisticadas do mundo, mas precisa ser posta em pr\u00e1tica de forma mais ampla. &#8220;Aten\u00e7\u00e3o prim\u00e1ria n\u00e3o \u00e9 para pobre, \u00e9 pra todos n\u00f3s&#8221;, afirmou.<\/p>\n\n\n\n<p><em>Edi\u00e7\u00e3o: Fernando Fraga<\/em><\/p>\n","protected":false},"excerpt":{"rendered":"<p>Por Vin\u00edcius Lisboa &#8211; Rep\u00f3rter da Ag\u00eancia Brasil &#8211; Rio de Janeiro A Funda\u00e7\u00e3o Oswaldo<\/p>\n","protected":false},"author":2,"featured_media":63347,"comment_status":"open","ping_status":"open","sticky":false,"template":"","format":"standard","meta":{"footnotes":""},"categories":[17],"tags":[],"class_list":["post-63346","post","type-post","status-publish","format-standard","has-post-thumbnail","hentry","category-outras-noticias"],"_links":{"self":[{"href":"https:\/\/tvc16.com\/portal\/wp-json\/wp\/v2\/posts\/63346","targetHints":{"allow":["GET"]}}],"collection":[{"href":"https:\/\/tvc16.com\/portal\/wp-json\/wp\/v2\/posts"}],"about":[{"href":"https:\/\/tvc16.com\/portal\/wp-json\/wp\/v2\/types\/post"}],"author":[{"embeddable":true,"href":"https:\/\/tvc16.com\/portal\/wp-json\/wp\/v2\/users\/2"}],"replies":[{"embeddable":true,"href":"https:\/\/tvc16.com\/portal\/wp-json\/wp\/v2\/comments?post=63346"}],"version-history":[{"count":1,"href":"https:\/\/tvc16.com\/portal\/wp-json\/wp\/v2\/posts\/63346\/revisions"}],"predecessor-version":[{"id":63348,"href":"https:\/\/tvc16.com\/portal\/wp-json\/wp\/v2\/posts\/63346\/revisions\/63348"}],"wp:featuredmedia":[{"embeddable":true,"href":"https:\/\/tvc16.com\/portal\/wp-json\/wp\/v2\/media\/63347"}],"wp:attachment":[{"href":"https:\/\/tvc16.com\/portal\/wp-json\/wp\/v2\/media?parent=63346"}],"wp:term":[{"taxonomy":"category","embeddable":true,"href":"https:\/\/tvc16.com\/portal\/wp-json\/wp\/v2\/categories?post=63346"},{"taxonomy":"post_tag","embeddable":true,"href":"https:\/\/tvc16.com\/portal\/wp-json\/wp\/v2\/tags?post=63346"}],"curies":[{"name":"wp","href":"https:\/\/api.w.org\/{rel}","templated":true}]}}