{"id":63349,"date":"2023-07-11T06:14:39","date_gmt":"2023-07-11T09:14:39","guid":{"rendered":"https:\/\/tvc16.com\/portal\/?p=63349"},"modified":"2023-07-11T06:14:39","modified_gmt":"2023-07-11T09:14:39","slug":"obra-deixa-rua-duarte-da-silveira-interditada-nesta-terca-feira-11","status":"publish","type":"post","link":"https:\/\/tvc16.com\/portal\/2023\/07\/11\/obra-deixa-rua-duarte-da-silveira-interditada-nesta-terca-feira-11\/","title":{"rendered":"Obra deixa Rua Duarte da Silveira interditada nesta ter\u00e7a-feira (11)"},"content":{"rendered":"\n<p>Num comunicado emitido na noite desta segunda-feira (10), a CPTrans informa que devido a obras de conten\u00e7\u00e3o, a Rua Duarte da Silveira, na altura do n\u00famero 1.246, que fica pr\u00f3ximo a Comunidade Judaica Yeshiva, ficar\u00e1 interditada das 8h \u00e0s 17h, desta ter\u00e7a-feira (11).<\/p>\n\n\n\n<p>A passagem estar\u00e1 liberada apenas para pedestres. As diversas linhas de \u00f4nibus que atendem a regi\u00e3o ter\u00e3o o trajeto alterado e passar\u00e3o pela BR-040, o que pode interferir na chegada ao Centro da cidade para os estudantes, trabalhadores e pacientes em tratamento que moram na regi\u00e3o e da mesma forma, para aqueles que precisam se deslocar para os bairros, tendo em vista haver muitas empresas situadas nestas localidades.<\/p>\n\n\n\n<p>Obs.: na foto, apenas para localiza\u00e7\u00e3o, o trecho em quest\u00e3o n\u00e3o tinha sido acometido pelo grande deslizamento de terra ocorrido em 2022.<\/p>\n","protected":false},"excerpt":{"rendered":"<p>Num comunicado emitido na noite desta segunda-feira (10), a CPTrans informa que devido a obras<\/p>\n","protected":false},"author":2,"featured_media":63350,"comment_status":"open","ping_status":"open","sticky":false,"template":"","format":"standard","meta":{"footnotes":""},"categories":[12],"tags":[],"class_list":["post-63349","post","type-post","status-publish","format-standard","has-post-thumbnail","hentry","category-cidade"],"_links":{"self":[{"href":"https:\/\/tvc16.com\/portal\/wp-json\/wp\/v2\/posts\/63349","targetHints":{"allow":["GET"]}}],"collection":[{"href":"https:\/\/tvc16.com\/portal\/wp-json\/wp\/v2\/posts"}],"about":[{"href":"https:\/\/tvc16.com\/portal\/wp-json\/wp\/v2\/types\/post"}],"author":[{"embeddable":true,"href":"https:\/\/tvc16.com\/portal\/wp-json\/wp\/v2\/users\/2"}],"replies":[{"embeddable":true,"href":"https:\/\/tvc16.com\/portal\/wp-json\/wp\/v2\/comments?post=63349"}],"version-history":[{"count":1,"href":"https:\/\/tvc16.com\/portal\/wp-json\/wp\/v2\/posts\/63349\/revisions"}],"predecessor-version":[{"id":63351,"href":"https:\/\/tvc16.com\/portal\/wp-json\/wp\/v2\/posts\/63349\/revisions\/63351"}],"wp:featuredmedia":[{"embeddable":true,"href":"https:\/\/tvc16.com\/portal\/wp-json\/wp\/v2\/media\/63350"}],"wp:attachment":[{"href":"https:\/\/tvc16.com\/portal\/wp-json\/wp\/v2\/media?parent=63349"}],"wp:term":[{"taxonomy":"category","embeddable":true,"href":"https:\/\/tvc16.com\/portal\/wp-json\/wp\/v2\/categories?post=63349"},{"taxonomy":"post_tag","embeddable":true,"href":"https:\/\/tvc16.com\/portal\/wp-json\/wp\/v2\/tags?post=63349"}],"curies":[{"name":"wp","href":"https:\/\/api.w.org\/{rel}","templated":true}]}}