{"id":63362,"date":"2023-07-11T10:39:37","date_gmt":"2023-07-11T13:39:37","guid":{"rendered":"https:\/\/tvc16.com\/portal\/?p=63362"},"modified":"2023-07-11T10:39:38","modified_gmt":"2023-07-11T13:39:38","slug":"comissao-de-transporte-da-camara-municipal-e-contra-aumento-da-passagem-de-onibus-em-petropolis","status":"publish","type":"post","link":"https:\/\/tvc16.com\/portal\/2023\/07\/11\/comissao-de-transporte-da-camara-municipal-e-contra-aumento-da-passagem-de-onibus-em-petropolis\/","title":{"rendered":"Comiss\u00e3o de Transporte da C\u00e2mara Municipal \u00e9 contra aumento da passagem de \u00f4nibus em Petr\u00f3polis"},"content":{"rendered":"\n<p>A Comiss\u00e3o do Transporte P\u00fablico e Mobilidade Urbana da C\u00e2mara Municipal repudiou a possibilidade de novo aumento da tarifa de \u00f4nibus. O tema est\u00e1 na pauta da reuni\u00e3o do Conselho Municipal de Tr\u00e2nsito e Transportes, que ser\u00e1 realizada nesta ter\u00e7a-feira (11), ap\u00f3s convoca\u00e7\u00e3o feita pelo governo municipal publicada em Di\u00e1rio Oficial.<br>Presidente da comiss\u00e3o, o vereador Hingo Hammes criticou a possibilidade de novo reajuste e lembrou que a popula\u00e7\u00e3o continua sofrendo com os constantes problemas no sistema, agravados ap\u00f3s o inc\u00eandio na garagem das empresas Petro Ita e Cascatinha, no in\u00edcio de maio. \u201cEnquanto o governo municipal n\u00e3o tratar este tema de forma s\u00e9ria e respons\u00e1vel, vamos seguir com os mesmos problemas. Discutir reajuste sem a garantia de contrapartida, sem melhorias reais no servi\u00e7o, \u00e9 ignorar toda a luta da popula\u00e7\u00e3o e dos funcion\u00e1rios do sistema por avan\u00e7os\u201d, lamentou.<br>Ele lembrou que o pagamento do subs\u00eddio para gratuidade dos estudantes \u2013 uma inje\u00e7\u00e3o de R$ 1,8 milh\u00e3o mensais no sistema \u2013 e tamb\u00e9m dos recursos para custeio da gratuidade dos idosos, repassados pelo governo federal, t\u00eam que impactar na tarifa, garantindo redu\u00e7\u00e3o no valor da passagem. \u201cForam dois aumentos de tarifa em 2022 e, agora, querem mais um, ignorando os avan\u00e7os que iniciamos em 2021 com a cria\u00e7\u00e3o do vale-educa\u00e7\u00e3o e todo o trabalho para que o munic\u00edpio assuma o sistema de bilhetagem eletr\u00f4nica, verdadeira caixa preta do sistema. As empresas hoje recebem o subs\u00eddio da gratuidade, mas seguem mantendo \u00f4nibus sucateados e frota reduzida nas ruas. Como explicar? Ainda assim ter\u00e3o direito a reajuste de tarifa? \u00c9 uma afronta a todos n\u00f3s, cidad\u00e3os\u201d, lamentou o parlamentar.<br>O vereador Eduardo do Blog, tamb\u00e9m integrante da Comiss\u00e3o de Transporte da C\u00e2mara, considera um abuso a possibilidade de reajuste. &#8220;Se aprovado, este ser\u00e1 o terceiro aumento de tarifa em um ano e meio. E o que houve de melhoria no servi\u00e7o? Seguimos com problemas de quebra de \u00f4nibus, atrasos e ve\u00edculos lotados nos hor\u00e1rios de pico. Pagamos caro por um servi\u00e7o que \u00e9 ruim. Muito ruim. Os usu\u00e1rios sofrem. Os funcion\u00e1rios sofrem. N\u00e3o podemos apoiar nenhum tipo de reajuste&#8221;, criticou.<\/p>\n","protected":false},"excerpt":{"rendered":"<p>A Comiss\u00e3o do Transporte P\u00fablico e Mobilidade Urbana da C\u00e2mara Municipal repudiou a possibilidade de<\/p>\n","protected":false},"author":2,"featured_media":63363,"comment_status":"open","ping_status":"open","sticky":false,"template":"","format":"standard","meta":{"footnotes":""},"categories":[12],"tags":[],"class_list":["post-63362","post","type-post","status-publish","format-standard","has-post-thumbnail","hentry","category-cidade"],"_links":{"self":[{"href":"https:\/\/tvc16.com\/portal\/wp-json\/wp\/v2\/posts\/63362","targetHints":{"allow":["GET"]}}],"collection":[{"href":"https:\/\/tvc16.com\/portal\/wp-json\/wp\/v2\/posts"}],"about":[{"href":"https:\/\/tvc16.com\/portal\/wp-json\/wp\/v2\/types\/post"}],"author":[{"embeddable":true,"href":"https:\/\/tvc16.com\/portal\/wp-json\/wp\/v2\/users\/2"}],"replies":[{"embeddable":true,"href":"https:\/\/tvc16.com\/portal\/wp-json\/wp\/v2\/comments?post=63362"}],"version-history":[{"count":1,"href":"https:\/\/tvc16.com\/portal\/wp-json\/wp\/v2\/posts\/63362\/revisions"}],"predecessor-version":[{"id":63364,"href":"https:\/\/tvc16.com\/portal\/wp-json\/wp\/v2\/posts\/63362\/revisions\/63364"}],"wp:featuredmedia":[{"embeddable":true,"href":"https:\/\/tvc16.com\/portal\/wp-json\/wp\/v2\/media\/63363"}],"wp:attachment":[{"href":"https:\/\/tvc16.com\/portal\/wp-json\/wp\/v2\/media?parent=63362"}],"wp:term":[{"taxonomy":"category","embeddable":true,"href":"https:\/\/tvc16.com\/portal\/wp-json\/wp\/v2\/categories?post=63362"},{"taxonomy":"post_tag","embeddable":true,"href":"https:\/\/tvc16.com\/portal\/wp-json\/wp\/v2\/tags?post=63362"}],"curies":[{"name":"wp","href":"https:\/\/api.w.org\/{rel}","templated":true}]}}