{"id":63370,"date":"2023-07-11T12:25:02","date_gmt":"2023-07-11T15:25:02","guid":{"rendered":"https:\/\/tvc16.com\/portal\/?p=63370"},"modified":"2023-07-11T12:25:03","modified_gmt":"2023-07-11T15:25:03","slug":"lei-define-agosto-como-mes-da-primeira-infancia","status":"publish","type":"post","link":"https:\/\/tvc16.com\/portal\/2023\/07\/11\/lei-define-agosto-como-mes-da-primeira-infancia\/","title":{"rendered":"Lei define agosto como M\u00eas da Primeira Inf\u00e2ncia"},"content":{"rendered":"\n<h3 class=\"wp-block-heading\">Ao longo do m\u00eas, ser\u00e3o realizadas a\u00e7\u00f5es de aten\u00e7\u00e3o \u00e0s crian\u00e7as<\/h3>\n\n\n\n<h4 class=\"wp-block-heading\"> Fabiola Sinimbu &#8211; Rep\u00f3rter da Ag\u00eancia Brasil &#8211; Bras\u00edlia<audio src=\"https:\/\/tts-app.ebc.com.br\/media\/tts\/206314.mp3\"><\/audio><\/h4>\n\n\n\n<p>O m\u00eas de agosto passa, a partir de agora, a ser dedicado \u00e0s a\u00e7\u00f5es de conscientiza\u00e7\u00e3o sobre a import\u00e2ncia da aten\u00e7\u00e3o integral \u00e0s gestantes e \u00e0s crian\u00e7as de at\u00e9 6 anos de idade. A&nbsp;<a href=\"https:\/\/in.gov.br\/web\/dou\/-\/lei-n-14.617-de-10-de-julho-de-2023-495483219\" target=\"_blank\" rel=\"noreferrer noopener\">Lei n\u00ba14.617<\/a>, que institui o M\u00eas da Primeira Inf\u00e2ncia, foi sancionada pelo presidente Luiz In\u00e1cio Lula da Silva e publicada no Di\u00e1rio Oficial da Uni\u00e3o nesta ter\u00e7a-feira (11).<img decoding=\"async\" src=\"https:\/\/agenciabrasil.ebc.com.br\/ebc.png?id=1543058&amp;o=node\"><img decoding=\"async\" src=\"https:\/\/agenciabrasil.ebc.com.br\/ebc.gif?id=1543058&amp;o=node\"><\/p>\n\n\n\n<p>Em 2021, o Brasil registrou cerca de 2,6 milh\u00f5es de nascimentos, segundo o IBGE. S\u00e3o crian\u00e7as que se somaram \u00e0s nascidas em anos anteriores e que completam as pouco mais de 20,6 milh\u00f5es que estavam na primeira inf\u00e2ncia naquele ano, segundo o DataSUS.<\/p>\n\n\n\n<p>\u00c9 para essa parcela da popula\u00e7\u00e3o que as a\u00e7\u00f5es no m\u00eas de agosto ser\u00e3o dedicadas, com iniciativas dos poderes Executivo, Legislativo e Judici\u00e1rio, al\u00e9m da sociedade civil organizada. S\u00e3o a\u00e7\u00f5es como oferta de atendimento integral e multiprofissional, promo\u00e7\u00e3o dos v\u00ednculos afetivos, da nutri\u00e7\u00e3o, imuniza\u00e7\u00e3o, direito de brincar e preven\u00e7\u00e3o de acidentes e doen\u00e7as.<\/p>\n\n\n\n<p>A nova lei tamb\u00e9m prev\u00ea um esfor\u00e7o das casas legislativas em votar e priorizar debates sobre mat\u00e9rias voltadas \u00e0s crian\u00e7as na primeira inf\u00e2ncia.<\/p>\n\n\n\n<p>No ano 2000, o economista James Heckman recebeu o Pr\u00eamio Nobel de Economia pelo estudo, que realiza com uma equipe multidisciplinar, sobre o impacto da qualidade do desenvolvimento na primeira inf\u00e2ncia nos resultados econ\u00f4micos, sociais e na sa\u00fade de uma sociedade.<\/p>\n\n\n\n<p>Essa import\u00e2ncia e as especificidades dessa fase da vida tamb\u00e9m dever\u00e3o ter ampla divulga\u00e7\u00e3o em todos os setores da sociedade, em especial nos \u00f3rg\u00e3os p\u00fablicos, meios de comunica\u00e7\u00e3o, setores empres\u00e1rias e acad\u00eamicos, define a nova lei.<\/p>\n\n\n\n<p>Edi\u00e7\u00e3o: Fernando Fraga<\/p>\n","protected":false},"excerpt":{"rendered":"<p>Ao longo do m\u00eas, ser\u00e3o realizadas a\u00e7\u00f5es de aten\u00e7\u00e3o \u00e0s crian\u00e7as Fabiola Sinimbu &#8211; Rep\u00f3rter<\/p>\n","protected":false},"author":2,"featured_media":63371,"comment_status":"open","ping_status":"open","sticky":false,"template":"","format":"standard","meta":{"footnotes":""},"categories":[17],"tags":[],"class_list":["post-63370","post","type-post","status-publish","format-standard","has-post-thumbnail","hentry","category-outras-noticias"],"_links":{"self":[{"href":"https:\/\/tvc16.com\/portal\/wp-json\/wp\/v2\/posts\/63370","targetHints":{"allow":["GET"]}}],"collection":[{"href":"https:\/\/tvc16.com\/portal\/wp-json\/wp\/v2\/posts"}],"about":[{"href":"https:\/\/tvc16.com\/portal\/wp-json\/wp\/v2\/types\/post"}],"author":[{"embeddable":true,"href":"https:\/\/tvc16.com\/portal\/wp-json\/wp\/v2\/users\/2"}],"replies":[{"embeddable":true,"href":"https:\/\/tvc16.com\/portal\/wp-json\/wp\/v2\/comments?post=63370"}],"version-history":[{"count":1,"href":"https:\/\/tvc16.com\/portal\/wp-json\/wp\/v2\/posts\/63370\/revisions"}],"predecessor-version":[{"id":63372,"href":"https:\/\/tvc16.com\/portal\/wp-json\/wp\/v2\/posts\/63370\/revisions\/63372"}],"wp:featuredmedia":[{"embeddable":true,"href":"https:\/\/tvc16.com\/portal\/wp-json\/wp\/v2\/media\/63371"}],"wp:attachment":[{"href":"https:\/\/tvc16.com\/portal\/wp-json\/wp\/v2\/media?parent=63370"}],"wp:term":[{"taxonomy":"category","embeddable":true,"href":"https:\/\/tvc16.com\/portal\/wp-json\/wp\/v2\/categories?post=63370"},{"taxonomy":"post_tag","embeddable":true,"href":"https:\/\/tvc16.com\/portal\/wp-json\/wp\/v2\/tags?post=63370"}],"curies":[{"name":"wp","href":"https:\/\/api.w.org\/{rel}","templated":true}]}}