{"id":63373,"date":"2023-07-11T12:35:46","date_gmt":"2023-07-11T15:35:46","guid":{"rendered":"https:\/\/tvc16.com\/portal\/?p=63373"},"modified":"2023-07-11T12:35:47","modified_gmt":"2023-07-11T15:35:47","slug":"inflacao-oficial-de-junho-fica-negativa-em-008","status":"publish","type":"post","link":"https:\/\/tvc16.com\/portal\/2023\/07\/11\/inflacao-oficial-de-junho-fica-negativa-em-008\/","title":{"rendered":"Infla\u00e7\u00e3o oficial de junho fica negativa em 0,08%"},"content":{"rendered":"\n<h3 class=\"wp-block-heading\">Alimenta\u00e7\u00e3o e carros novos contribu\u00edram para a queda do \u00edndice<\/h3>\n\n\n\n<h4 class=\"wp-block-heading\">Por Bruno de Freitas Moura &#8211; Rep\u00f3rter da Ag\u00eancia Brasil &#8211; &#8211; Rio de Janeiro<audio src=\"https:\/\/tts-app.ebc.com.br\/media\/tts\/206315.mp3\"><\/audio><\/h4>\n\n\n\n<p>O m\u00eas de junho teve defla\u00e7\u00e3o, ou seja, houve um recuo nos pre\u00e7os na compara\u00e7\u00e3o com maio. A infla\u00e7\u00e3o oficial &#8211; calculada pelo IBGE (Instituto Brasileiro de Geografia e Estat\u00edstica) &#8211; ficou em -0,08%. \u00c9 a primeira vez no ano que a infla\u00e7\u00e3o fica abaixo de zero. A \u00faltima vez em que a infla\u00e7\u00e3o apresentou queda foi em setembro do ano passado. Esse \u00e9 tamb\u00e9m o menor resultado do \u00cdndice Nacional de Pre\u00e7os ao Consumidor Amplo (IPCA) para um m\u00eas de junho desde 2017 &#8211; quando o \u00edndice foi de -0,23%.<img decoding=\"async\" src=\"https:\/\/agenciabrasil.ebc.com.br\/ebc.png?id=1543060&amp;o=node\"><img decoding=\"async\" src=\"https:\/\/agenciabrasil.ebc.com.br\/ebc.gif?id=1543060&amp;o=node\"><\/p>\n\n\n\n<p>O resultado, divulgado nesta ter\u00e7a-feira (11) pelo IBGE, no Rio de Janeiro, representa o quarto m\u00eas seguido em que a infla\u00e7\u00e3o perde for\u00e7a. Em maio, o IPCA foi de 0,23%. No ano, o \u00edndice soma 2,87% e, nos \u00faltimos 12 meses, 3,16%, abaixo dos 3,94% observados nos 12 meses imediatamente anteriores.<br><br>Na compara\u00e7\u00e3o com maio, os grupos que mais ajudaram a colocar a infla\u00e7\u00e3o no campo negativo foram alimenta\u00e7\u00e3o e bebidas (-0,66%) e transportes (-0,41%), que contribu\u00edram com -0,14 e -0,08 ponto percentual (pp) no \u00edndice geral, respectivamente.<\/p>\n\n\n\n<h2 class=\"wp-block-heading\">Fator de influ\u00eancia<\/h2>\n\n\n\n<p>Segundo o IBGE, alimenta\u00e7\u00e3o e bebidas e transportes integram o grupo com maior influ\u00eancia dentro da cesta de consumo das fam\u00edlias. Juntos, eles representam cerca de 42% do IPCA. &nbsp;<\/p>\n\n\n\n<p>O grupo alimenta\u00e7\u00e3o e bebidas foi influenciado, principalmente, pelo recuo nos pre\u00e7os da alimenta\u00e7\u00e3o em casa (-1,07%). Contribu\u00edram para isso as quedas do \u00f3leo de soja (-8,96%), das frutas (-3,38%), do leite longa vida (-2,68%) e das carnes (-2,10%). J\u00e1 o custo da alimenta\u00e7\u00e3o fora de casa subiu, por\u00e9m, com menos for\u00e7a (0,46%) em rela\u00e7\u00e3o ao m\u00eas anterior (0,58%).&nbsp;<\/p>\n\n\n\n<p>\u201cNos \u00faltimos meses, os pre\u00e7os dos gr\u00e3os, como a soja, ca\u00edram. Isso impactou diretamente o pre\u00e7o do \u00f3leo de soja e indiretamente os pre\u00e7os das carnes e do leite, por exemplo. Essas&nbsp;<em>commodities&nbsp;<\/em>s\u00e3o insumos para a ra\u00e7\u00e3o animal, e um pre\u00e7o mais baixo contribui para reduzir os custos de produ\u00e7\u00e3o. No caso do leite, h\u00e1 tamb\u00e9m uma maior oferta no mercado\u201d, explicou Andr\u00e9 Almeida, analista da pesquisa, no&nbsp;<em>site&nbsp;<\/em>do IBGE.<br><br>Em transportes, o recuo de pre\u00e7os foi motivado por queda nos&nbsp;<a href=\"http:\/\/agenciabrasil.ebc.com.br\/economia\/noticia\/2023-06\/mp-que-da-desconto-carros-populares-e-publicada\" target=\"_blank\" rel=\"noreferrer noopener\">pre\u00e7os dos autom\u00f3veis novos (-2,76%) e dos usados (-0,93%)<\/a>. Esse comportamento tem a ver com a medida do governo federal para baixar o pre\u00e7o dos carros novos.&nbsp;<br><br>\u201cO subitem autom\u00f3vel novo foi o de maior impacto individual no m\u00eas, com -0,09 pp. Essa redu\u00e7\u00e3o nos pre\u00e7os est\u00e1 relacionada ao programa de descontos para compra de ve\u00edculos novos, lan\u00e7ado em 6 de junho pelo governo federal. Isso pode ter rela\u00e7\u00e3o tamb\u00e9m com a queda dos pre\u00e7os dos autom\u00f3veis usados\u201d, explica o IBGE.<\/p>\n\n\n\n<p>No comportamento dos pre\u00e7os durante maio, destaque tamb\u00e9m para o resultado de combust\u00edveis (-1,85%), com as quedas do \u00f3leo diesel (-6,68%), do etanol (-5,11%), do g\u00e1s veicular (-2,77%) e da gasolina (-1,14%). \u201cA gasolina \u00e9 o subitem de maior peso individual no IPCA, com 4,84%. A queda na gasolina teve um impacto de -0,06 p.p.\u201d, destaca Almeida.&nbsp;<\/p>\n\n\n\n<p>Pelo lado da press\u00e3o de pre\u00e7os para cima, a maior contribui\u00e7\u00e3o foi do grupo Habita\u00e7\u00e3o (aumento de 0,69% e impacto de 0,10 p.p.). A maior contribui\u00e7\u00e3o veio da energia el\u00e9trica residencial (1,43%), por causa de reajustes aplicados em quatro \u00e1reas de abrang\u00eancia do \u00edndice: Belo Horizonte, Recife, Curitiba e Porto Alegre. A taxa de \u00e1gua e esgoto (1,69%) tamb\u00e9m foi impactada por reajustes aplicados em Bel\u00e9m, Curitiba, S\u00e3o Paulo e Aracaju. O c\u00e1lculo do IPCA abrange as fam\u00edlias com rendimentos de um a 40 sal\u00e1rios m\u00ednimos.<br>&nbsp;<\/p>\n\n\n\n<h2 class=\"wp-block-heading\">Mais defla\u00e7\u00e3o<\/h2>\n\n\n\n<p>O IBGE tamb\u00e9m divulgou hoje o \u00cdndice Nacional de Pre\u00e7os ao Consumidor (INPC), que teve queda de 0,10% em junho (primeira defla\u00e7\u00e3o desde setembro de 2022) e acumula 3% nos \u00faltimos doze meses. O INPC abrange o custo de vida para fam\u00edlias com rendimento de um a cinco sal\u00e1rios m\u00ednimos.&nbsp;<\/p>\n\n\n\n<p>*&nbsp;<em>Mat\u00e9ria alterada \u00e0s 10h37 para acr\u00e9scimo de informa\u00e7\u00f5es<\/em><\/p>\n\n\n\n<p>Edi\u00e7\u00e3o: Kleber Sampaio<\/p>\n","protected":false},"excerpt":{"rendered":"<p>Alimenta\u00e7\u00e3o e carros novos contribu\u00edram para a queda do \u00edndice Por Bruno de Freitas Moura<\/p>\n","protected":false},"author":2,"featured_media":63374,"comment_status":"open","ping_status":"open","sticky":false,"template":"","format":"standard","meta":{"footnotes":""},"categories":[17],"tags":[],"class_list":["post-63373","post","type-post","status-publish","format-standard","has-post-thumbnail","hentry","category-outras-noticias"],"_links":{"self":[{"href":"https:\/\/tvc16.com\/portal\/wp-json\/wp\/v2\/posts\/63373","targetHints":{"allow":["GET"]}}],"collection":[{"href":"https:\/\/tvc16.com\/portal\/wp-json\/wp\/v2\/posts"}],"about":[{"href":"https:\/\/tvc16.com\/portal\/wp-json\/wp\/v2\/types\/post"}],"author":[{"embeddable":true,"href":"https:\/\/tvc16.com\/portal\/wp-json\/wp\/v2\/users\/2"}],"replies":[{"embeddable":true,"href":"https:\/\/tvc16.com\/portal\/wp-json\/wp\/v2\/comments?post=63373"}],"version-history":[{"count":1,"href":"https:\/\/tvc16.com\/portal\/wp-json\/wp\/v2\/posts\/63373\/revisions"}],"predecessor-version":[{"id":63375,"href":"https:\/\/tvc16.com\/portal\/wp-json\/wp\/v2\/posts\/63373\/revisions\/63375"}],"wp:featuredmedia":[{"embeddable":true,"href":"https:\/\/tvc16.com\/portal\/wp-json\/wp\/v2\/media\/63374"}],"wp:attachment":[{"href":"https:\/\/tvc16.com\/portal\/wp-json\/wp\/v2\/media?parent=63373"}],"wp:term":[{"taxonomy":"category","embeddable":true,"href":"https:\/\/tvc16.com\/portal\/wp-json\/wp\/v2\/categories?post=63373"},{"taxonomy":"post_tag","embeddable":true,"href":"https:\/\/tvc16.com\/portal\/wp-json\/wp\/v2\/tags?post=63373"}],"curies":[{"name":"wp","href":"https:\/\/api.w.org\/{rel}","templated":true}]}}