{"id":63376,"date":"2023-07-11T12:38:33","date_gmt":"2023-07-11T15:38:33","guid":{"rendered":"https:\/\/tvc16.com\/portal\/?p=63376"},"modified":"2023-07-11T12:38:35","modified_gmt":"2023-07-11T15:38:35","slug":"inscricoes-para-o-premio-ciencia-para-todos-vao-ate-17-de-julho","status":"publish","type":"post","link":"https:\/\/tvc16.com\/portal\/2023\/07\/11\/inscricoes-para-o-premio-ciencia-para-todos-vao-ate-17-de-julho\/","title":{"rendered":"Inscri\u00e7\u00f5es para o Pr\u00eamio Ci\u00eancia para Todos v\u00e3o at\u00e9 17 de julho"},"content":{"rendered":"\n<h3 class=\"wp-block-heading\">Iniciativa quer promover o engajamento das escolas com a ci\u00eancia<\/h3>\n\n\n\n<h4 class=\"wp-block-heading\">Por Ludmilla Souza &#8211; Rep\u00f3rter da Ag\u00eancia Brasil &#8211; S\u00e3o Paulo<audio src=\"https:\/\/tts-app.ebc.com.br\/media\/tts\/206318.mp3\"><\/audio><\/h4>\n\n\n\n<p>Seguem at\u00e9 o dia 17 de julho as&nbsp;<a href=\"https:\/\/www.futura.org.br\/cienciaparatodos\/\" target=\"_blank\" rel=\"noreferrer noopener\">inscri\u00e7\u00f5es para o Pr\u00eamio Ci\u00eancia para Todos<\/a>. A a\u00e7\u00e3o visa incentivar o desenvolvimento de atividades cient\u00edficas em escolas p\u00fablicas e promover o engajamento de estudantes e da comunidade escolar com a ci\u00eancia e suas aplica\u00e7\u00f5es na educa\u00e7\u00e3o e na vida.<img decoding=\"async\" src=\"https:\/\/agenciabrasil.ebc.com.br\/ebc.png?id=1543070&amp;o=node\"><img decoding=\"async\" src=\"https:\/\/agenciabrasil.ebc.com.br\/ebc.gif?id=1543070&amp;o=node\"><\/p>\n\n\n\n<p>O pr\u00eamio \u00e9 uma iniciativa da Funda\u00e7\u00e3o de Amparo \u00e0 Pesquisa do Estado de S\u00e3o Paulo (Fapesp) e da Funda\u00e7\u00e3o Roberto Marinho por meio do Canal Futura. Podem se inscrever professores e estudantes da rede p\u00fablica do estado de S\u00e3o Paulo. Nessa fase da inscri\u00e7\u00e3o, basta o professor manifestar interesse e os demais detalhes referentes ao projeto inscrito devem ser informados de acordo com o calend\u00e1rio do edital.<\/p>\n\n\n\n<p>O Pr\u00eamio Ci\u00eancia Para Todos contempla cinco categorias: Anos finais do Ensino Fundamental (do 6\u00ba ao 9\u00ba ano) do Ensino Regular; Ensino M\u00e9dio (da 1\u00aa \u00e0 3\u00aa s\u00e9rie) do Ensino Regular; Ciclo Anos Finais Ensino Fundamental da Educa\u00e7\u00e3o de Jovens e Adultos (EJA); Ciclo do Ensino M\u00e9dio da Educa\u00e7\u00e3o de Jovens e Adultos (EJA); Ensino M\u00e9dio (da 1\u00aa \u00e0 3\u00aa s\u00e9rie) do Ensino M\u00e9dio T\u00e9cnico e Profissionalizante<\/p>\n\n\n\n<p>Nessa segunda edi\u00e7\u00e3o, a premia\u00e7\u00e3o selecionar\u00e1 e destacar\u00e1 projetos de pesquisa, em todas as \u00e1reas do conhecimento, que utilizem m\u00e9todos da ci\u00eancia para propor solu\u00e7\u00f5es de problemas concretos, relacionados aos 17 Objetivos de Desenvolvimento Sustent\u00e1vel (ODS) da Organiza\u00e7\u00e3o das Na\u00e7\u00f5es Unidas. Professores e estudantes inscritos participar\u00e3o de jornadas formativas em ambiente digital do Canal Futura, com orienta\u00e7\u00f5es sobre o desenvolvimento de projetos de pesquisa e produ\u00e7\u00e3o audiovisual e receber\u00e3o certifica\u00e7\u00e3o.<\/p>\n\n\n\n<p>Os projetos de pesquisa dever\u00e3o identificar um problema concreto na comunidade; formular hip\u00f3teses; revisar a literatura e apresentar propostas de interven\u00e7\u00e3o, antes de apresentar solu\u00e7\u00f5es, informar seus resultados e conclus\u00f5es em formato de v\u00eddeo. A participa\u00e7\u00e3o no pr\u00eamio inclui a entrega do projeto de pesquisa escrito, do relat\u00f3rio da pesquisa e do registro audiovisual em diferentes datas, sendo a \u00faltima etapa at\u00e9 30 de setembro.<\/p>\n\n\n\n<h2 class=\"wp-block-heading\">Avalia\u00e7\u00e3o<\/h2>\n\n\n\n<p>A avalia\u00e7\u00e3o dos projetos submetidos ser\u00e1 realizada em tr\u00eas etapas. Na Etapa 1, ap\u00f3s a jornada formativa, ser\u00e3o selecionados 100 projetos; na Etapa 2, ser\u00e3o selecionados os dois finalistas de cada categoria e, na Etapa 3, ser\u00e3o selecionados os cinco premiados de 2023, sendo um por categoria. A cerim\u00f4nia de premia\u00e7\u00e3o ser\u00e1 no dia 25 de outubro, em local a ser definido.<\/p>\n\n\n\n<p>Os professores e estudantes premiados em cada uma das categorias ter\u00e3o a oportunidade de visitar um centro de pesquisa apoiado pela Fapesp. Os professores das equipes premiadas receber\u00e3o tamb\u00e9m um notebook.<\/p>\n\n\n\n<p>Todos os v\u00eddeos produzidos pelas equipes premiadas ser\u00e3o exibidos futuramente no YouTube e nas redes sociais do Canal Futura.<\/p>\n\n\n\n<p>Edi\u00e7\u00e3o: Fernando Fraga<\/p>\n","protected":false},"excerpt":{"rendered":"<p>Iniciativa quer promover o engajamento das escolas com a ci\u00eancia Por Ludmilla Souza &#8211; Rep\u00f3rter<\/p>\n","protected":false},"author":2,"featured_media":63377,"comment_status":"open","ping_status":"open","sticky":false,"template":"","format":"standard","meta":{"footnotes":""},"categories":[17],"tags":[],"class_list":["post-63376","post","type-post","status-publish","format-standard","has-post-thumbnail","hentry","category-outras-noticias"],"_links":{"self":[{"href":"https:\/\/tvc16.com\/portal\/wp-json\/wp\/v2\/posts\/63376","targetHints":{"allow":["GET"]}}],"collection":[{"href":"https:\/\/tvc16.com\/portal\/wp-json\/wp\/v2\/posts"}],"about":[{"href":"https:\/\/tvc16.com\/portal\/wp-json\/wp\/v2\/types\/post"}],"author":[{"embeddable":true,"href":"https:\/\/tvc16.com\/portal\/wp-json\/wp\/v2\/users\/2"}],"replies":[{"embeddable":true,"href":"https:\/\/tvc16.com\/portal\/wp-json\/wp\/v2\/comments?post=63376"}],"version-history":[{"count":1,"href":"https:\/\/tvc16.com\/portal\/wp-json\/wp\/v2\/posts\/63376\/revisions"}],"predecessor-version":[{"id":63378,"href":"https:\/\/tvc16.com\/portal\/wp-json\/wp\/v2\/posts\/63376\/revisions\/63378"}],"wp:featuredmedia":[{"embeddable":true,"href":"https:\/\/tvc16.com\/portal\/wp-json\/wp\/v2\/media\/63377"}],"wp:attachment":[{"href":"https:\/\/tvc16.com\/portal\/wp-json\/wp\/v2\/media?parent=63376"}],"wp:term":[{"taxonomy":"category","embeddable":true,"href":"https:\/\/tvc16.com\/portal\/wp-json\/wp\/v2\/categories?post=63376"},{"taxonomy":"post_tag","embeddable":true,"href":"https:\/\/tvc16.com\/portal\/wp-json\/wp\/v2\/tags?post=63376"}],"curies":[{"name":"wp","href":"https:\/\/api.w.org\/{rel}","templated":true}]}}