{"id":63379,"date":"2023-07-11T12:39:52","date_gmt":"2023-07-11T15:39:52","guid":{"rendered":"https:\/\/tvc16.com\/portal\/?p=63379"},"modified":"2023-07-11T12:39:54","modified_gmt":"2023-07-11T15:39:54","slug":"ifood-assina-compromisso-com-mpf-apos-tentar-desmobilizar-entregadores","status":"publish","type":"post","link":"https:\/\/tvc16.com\/portal\/2023\/07\/11\/ifood-assina-compromisso-com-mpf-apos-tentar-desmobilizar-entregadores\/","title":{"rendered":"Ifood assina compromisso com MPF ap\u00f3s tentar desmobilizar entregadores"},"content":{"rendered":"\n<h3 class=\"wp-block-heading\">Empresa promoveu a\u00e7\u00f5es em redes sociais contra mobiliza\u00e7\u00e3o sindical<\/h3>\n\n\n\n<h4 class=\"wp-block-heading\">Por Bruno Bocchini &#8211; Rep\u00f3rter da Ag\u00eancia Brasil &#8211; S\u00e3o Paulo<br><audio src=\"https:\/\/tts-app.ebc.com.br\/media\/tts\/206303.mp3\"><\/audio><\/h4>\n\n\n\n<p>A empresa de entrega de comida Ifood assinou um compromisso com o Minist\u00e9rio P\u00fablico Federal (MPF) e o Minist\u00e9rio P\u00fablico do Trabalho (MPT) em que se compromete a promover a\u00e7\u00f5es em favor dos direitos trabalhistas e do respeito ao direito de informa\u00e7\u00e3o da popula\u00e7\u00e3o.<img decoding=\"async\" src=\"https:\/\/agenciabrasil.ebc.com.br\/ebc.png?id=1543033&amp;o=node\"><img decoding=\"async\" src=\"https:\/\/agenciabrasil.ebc.com.br\/ebc.gif?id=1543033&amp;o=node\"><\/p>\n\n\n\n<p>O Termo de Ajustamento de Conduta (TAC), assinado na \u00faltima sexta-feira (7), ocorre em decorr\u00eancia de reportagem da Ag\u00eancia P\u00fablica que revelou que o Ifood contratou as ag\u00eancias de publicidade Benjamim Comunica\u00e7\u00e3o e a Promove Servi\u00e7os de Propaganda e Comunica\u00e7\u00e3o (Social QI) para desmobilizar movimento dos entregadores. Os profissionais reivindicavam melhores condi\u00e7\u00f5es de trabalho. As ag\u00eancias tamb\u00e9m assinaram o TAC.<\/p>\n\n\n\n<p>De acordo com a reportagem, as ag\u00eancias contratadas criaram perfis falsos e se passavam por entregadores do Ifood para questionar nas redes sociais as reivindica\u00e7\u00f5es dos trabalhadores. A mat\u00e9ria, que pode ser lida&nbsp;<a href=\"https:\/\/apublica.org\/2022\/04\/a-maquina-oculta-de-propaganda-do-ifood\/\" target=\"_blank\" rel=\"noreferrer noopener\">aqui<\/a>, foi base para uma investiga\u00e7\u00e3o do MPF.<\/p>\n\n\n\n<h2 class=\"wp-block-heading\">Obriga\u00e7\u00f5es<\/h2>\n\n\n\n<p>O TAC prev\u00ea obriga\u00e7\u00f5es do iFood para assegurar a liberdade sindical e os direitos de greve e de negocia\u00e7\u00e3o coletiva dos entregadores. \u201cEsses direitos s\u00e3o fundamentais, sendo par\u00e2metros m\u00ednimos, previstos na Constitui\u00e7\u00e3o Federal e em tratados internacionais de direitos humanos, para que os trabalhadores tenham meios de promover a sua organiza\u00e7\u00e3o, fomentar a solidariedade entre os membros do grupo e expressar adequadamente a voz coletiva de seus integrantes\u201d, destaca o procurador do Trabalho Renan Kalil.<\/p>\n\n\n\n<p>O iFood dever\u00e1 ainda financiar pesquisas e projetos, no valor de R$ 6 milh\u00f5es, que analisem as rela\u00e7\u00f5es de trabalho com entregadores, o mercado publicit\u00e1rio e de marketing digital, e a responsabilidade social dos controladores de plataformas.<\/p>\n\n\n\n<p>\u201cPara que tenham seu direito \u00e0 informa\u00e7\u00e3o respeitado, os cidad\u00e3os precisam saber se \u00e9 uma empresa que est\u00e1 postando determinado conte\u00fado na Internet, em qual contexto e para qual finalidade. Isso \u00e9 especialmente importante para que eles possam formar livremente sua opini\u00e3o sobre assuntos de relev\u00e2ncia p\u00fablica e, a partir disso, exercer outro direito fundamental: a liberdade de express\u00e3o, que deve ser isenta de interfer\u00eancias indevidas ou ocultas\u201d, destacou o procurador da Rep\u00fablica Yuri Corr\u00eaa da Luz.<\/p>\n\n\n\n<p>Segundo o TAC, o iFood ficar\u00e1 proibido de divulgar, pelos pr\u00f3ximos seis meses, an\u00fancios, propagandas e campanhas publicit\u00e1rias sobre supostas medidas adotadas pela empresa para promo\u00e7\u00e3o de direitos fundamentais e trabalhistas. \u201cO objetivo \u00e9 impedir a publica\u00e7\u00e3o, no curto prazo, de informa\u00e7\u00f5es que possam se mostrar inver\u00eddicas ou imprecisas sobre a postura da empresa em rela\u00e7\u00e3o \u00e0s demandas de interesse social como as que foram alvo de investiga\u00e7\u00e3o\u201d, disse o MPF em nota.<\/p>\n\n\n\n<p>O Ifood informou que cumprir\u00e1 os termos do TAC. \u201cCelebramos o acordo porque as obriga\u00e7\u00f5es assumidas pelo iFood no TAC est\u00e3o alinhadas com nossos valores e princ\u00edpios, em especial a promo\u00e7\u00e3o de um ambiente de maior transpar\u00eancia nas redes sociais, o respeito ao direito de manifesta\u00e7\u00e3o e de associa\u00e7\u00e3o dos entregadores e o investimento em pesquisas que colaborem com o desenvolvimento sustent\u00e1vel do pa\u00eds\u201d, disse, em nota, o diretor jur\u00eddico da empresa, Lucas Pittioni.<\/p>\n\n\n\n<p>O Ifood destacou, em nota enviada pela assessoria de imprensa, &#8220;que n\u00e3o cometeu qualquer uma das condutas investigadas&#8221;.<\/p>\n\n\n\n<p>As ag\u00eancias de publicidade Benjamim Comunica\u00e7\u00e3o e a Promove Servi\u00e7os de Propaganda e Comunica\u00e7\u00e3o (Social QI) foram procuradas, mas ainda n\u00e3o se manifestaram.<\/p>\n\n\n\n<p><em>* Mat\u00e9ria atualizada \u00e0s 11h37 para inclus\u00e3o do pen\u00faltimo par\u00e1grafo, com acr\u00e9scimo do&nbsp;posicionamento do Ifood.<\/em><\/p>\n\n\n\n<p>Edi\u00e7\u00e3o: Marcelo Brand\u00e3o<\/p>\n","protected":false},"excerpt":{"rendered":"<p>Empresa promoveu a\u00e7\u00f5es em redes sociais contra mobiliza\u00e7\u00e3o sindical Por Bruno Bocchini &#8211; Rep\u00f3rter da<\/p>\n","protected":false},"author":2,"featured_media":63380,"comment_status":"open","ping_status":"open","sticky":false,"template":"","format":"standard","meta":{"footnotes":""},"categories":[17],"tags":[],"class_list":["post-63379","post","type-post","status-publish","format-standard","has-post-thumbnail","hentry","category-outras-noticias"],"_links":{"self":[{"href":"https:\/\/tvc16.com\/portal\/wp-json\/wp\/v2\/posts\/63379","targetHints":{"allow":["GET"]}}],"collection":[{"href":"https:\/\/tvc16.com\/portal\/wp-json\/wp\/v2\/posts"}],"about":[{"href":"https:\/\/tvc16.com\/portal\/wp-json\/wp\/v2\/types\/post"}],"author":[{"embeddable":true,"href":"https:\/\/tvc16.com\/portal\/wp-json\/wp\/v2\/users\/2"}],"replies":[{"embeddable":true,"href":"https:\/\/tvc16.com\/portal\/wp-json\/wp\/v2\/comments?post=63379"}],"version-history":[{"count":1,"href":"https:\/\/tvc16.com\/portal\/wp-json\/wp\/v2\/posts\/63379\/revisions"}],"predecessor-version":[{"id":63381,"href":"https:\/\/tvc16.com\/portal\/wp-json\/wp\/v2\/posts\/63379\/revisions\/63381"}],"wp:featuredmedia":[{"embeddable":true,"href":"https:\/\/tvc16.com\/portal\/wp-json\/wp\/v2\/media\/63380"}],"wp:attachment":[{"href":"https:\/\/tvc16.com\/portal\/wp-json\/wp\/v2\/media?parent=63379"}],"wp:term":[{"taxonomy":"category","embeddable":true,"href":"https:\/\/tvc16.com\/portal\/wp-json\/wp\/v2\/categories?post=63379"},{"taxonomy":"post_tag","embeddable":true,"href":"https:\/\/tvc16.com\/portal\/wp-json\/wp\/v2\/tags?post=63379"}],"curies":[{"name":"wp","href":"https:\/\/api.w.org\/{rel}","templated":true}]}}