{"id":6339,"date":"2020-11-22T11:20:11","date_gmt":"2020-11-22T14:20:11","guid":{"rendered":"https:\/\/tvc16.com\/portal\/?p=6339"},"modified":"2020-11-22T11:20:13","modified_gmt":"2020-11-22T14:20:13","slug":"escritora-petropolitana-sandra-brito-fala-sobre-machado-de-assis-em-homenagem-ao-dia-da-consciencia-negra","status":"publish","type":"post","link":"https:\/\/tvc16.com\/portal\/2020\/11\/22\/escritora-petropolitana-sandra-brito-fala-sobre-machado-de-assis-em-homenagem-ao-dia-da-consciencia-negra\/","title":{"rendered":"Escritora petropolitana, Sandra Brito, fala sobre Machado de Assis, em homenagem ao Dia da Consci\u00eancia Negra"},"content":{"rendered":"\n<p>Sandra Brito \u00e9 professora e escritora, autora do livro &#8220;O Tom confessional e autobiogr\u00e1fico na epistolografia de Machado de Assis&#8221; da editora portuguesa Chiado Books.<\/p>\n\n\n\n<figure class=\"wp-block-image size-large\"><img loading=\"lazy\" decoding=\"async\" width=\"1024\" height=\"969\" src=\"https:\/\/tvc16.com\/portal\/wp-content\/uploads\/2020\/11\/20201122_111428-1024x969.jpg\" alt=\"\" class=\"wp-image-6342\" srcset=\"https:\/\/tvc16.com\/portal\/wp-content\/uploads\/2020\/11\/20201122_111428-1024x969.jpg 1024w, https:\/\/tvc16.com\/portal\/wp-content\/uploads\/2020\/11\/20201122_111428-300x284.jpg 300w, https:\/\/tvc16.com\/portal\/wp-content\/uploads\/2020\/11\/20201122_111428-768x726.jpg 768w, https:\/\/tvc16.com\/portal\/wp-content\/uploads\/2020\/11\/20201122_111428.jpg 1073w\" sizes=\"auto, (max-width: 1024px) 100vw, 1024px\" \/><figcaption>Sandra Brito, escritora e autora da obra sobre Machado de Assis &#8211; editora: Chiado Books<\/figcaption><\/figure>\n\n\n\n<p>E para homenagear o Dia da Consci\u00eancia Negra, nada melhor que falar sobre o maior escritor da Literatura Brasileira, Joaquim Maria Machado de Assis, ou simplesmente Machado de Assis, nascido na cidade do Rio de Janeiro em 21 de junho de 1839 e criado na senzala do Livramento, onde viviam seu pai e seus av\u00f3s, escravos.<\/p>\n\n\n\n<figure class=\"wp-block-image size-large is-resized\"><img loading=\"lazy\" decoding=\"async\" src=\"https:\/\/tvc16.com\/portal\/wp-content\/uploads\/2020\/11\/IMG-20201122-WA0010.jpg\" alt=\"\" class=\"wp-image-6340\" width=\"364\" height=\"468\" srcset=\"https:\/\/tvc16.com\/portal\/wp-content\/uploads\/2020\/11\/IMG-20201122-WA0010.jpg 364w, https:\/\/tvc16.com\/portal\/wp-content\/uploads\/2020\/11\/IMG-20201122-WA0010-233x300.jpg 233w\" sizes=\"auto, (max-width: 364px) 100vw, 364px\" \/><figcaption>Machado de Assis <\/figcaption><\/figure>\n\n\n\n<p>Mas poucas pessoas conhecem o verdadeiro Machado &#8211; eis aqui uma de suas facetas: Mesmo antes de completar seus 25 anos, o jovem autor j\u00e1 acumulava uma larga experi\u00eancia nas mais diversas \u00e1reas liter\u00e1rias, como a poesia, o teatro, a cr\u00f4nica e a cr\u00edtica. Suas novelas j\u00e1 haviam sido publicadas e v\u00e1rias de suas com\u00e9dias estavam sendo representadas \u2014 muitas, inclusive, com arrecada\u00e7\u00e3o revertida para a causa abolicionista ou para comprar cartas de alforria de escravos, j\u00e1 que o autor participava ativamente desta causa, contrariando o seu t\u00e3o propagado \u201cabsente\u00edsmo\u201d em rela\u00e7\u00e3o \u00e0 quest\u00e3o escravista. Seu papel fora, inclusive, decisivo quanto \u00e0 aplica\u00e7\u00e3o da Lei do Ventre Livre e \u00e0 resolu\u00e7\u00e3o de processos de liberta\u00e7\u00e3o, j\u00e1 que exercia um importante cargo enquanto chefe da se\u00e7\u00e3o encarregada da emancipa\u00e7\u00e3o de escravos. Contrariando os leigos, \u00e9 bom que se lembre, que o autor sempre esteve envolvido com tais quest\u00f5es.<\/p>\n\n\n\n<p>As pe\u00e7as \u201cO caminho da porta\u201d e \u201cGabriela\u201d, representadas por diversas vezes em S\u00e3o Paulo entre os anos de 1862 e 1864, inclu\u00edam, em seus slogans, os seguintes dizeres: \u201cEm benef\u00edcio para uma liberdade\u201d; \u201cIde, porque dest\u2019arte tamb\u00e9m concorrereis para dar a liberdade a um escravo, e assim dar mais um cidad\u00e3o \u00e0 p\u00e1tria\u201d. Muitos destes registros s\u00f3 nos foram pass\u00edveis de entendimento por meio de suas cartas pessoais, uma vez que, como negro, pobre e sem qualquer tipo de forma\u00e7\u00e3o acad\u00eamica, o Mestre Machado sabia muito bem que n\u00e3o cabia a ele, naquela sociedade carioca oitocentista t\u00e3o arraigada a valores e preconceitos, um papel de porta-voz do Abolicionismo &#8211; como alguns fizeram &#8211; pois ele seria simplesmente ignorado daquele c\u00edrculo de autores e jornalistas. Seu papel consistia em trabalhar incansavelmente nos bastidores, enquanto cresciam seu prest\u00edgio e sua influ\u00eancia.<\/p>\n\n\n\n<p><\/p>\n\n\n\n<p>Para saber mais a respeito desta e de outras hist\u00f3rias, acesse:<\/p>\n\n\n\n<p><a href=\"http:\/\/www.estantechiado.com.br\/pd-7946cc-o-tom-confessional-sandra-brito.html?ct=&amp;p=1&amp;s=1\">http:\/\/www.estantechiado.com.br\/pd-7946cc-o-tom-confessional-sandra-brito.html?ct=&amp;p=1&amp;s=1<\/a><\/p>\n\n\n\n<p>Vale a pena conferir!<\/p>\n","protected":false},"excerpt":{"rendered":"<p>Sandra Brito \u00e9 professora e escritora, autora do livro &#8220;O Tom confessional e autobiogr\u00e1fico na<\/p>\n","protected":false},"author":2,"featured_media":6341,"comment_status":"open","ping_status":"open","sticky":false,"template":"","format":"standard","meta":{"footnotes":""},"categories":[12],"tags":[],"class_list":["post-6339","post","type-post","status-publish","format-standard","has-post-thumbnail","hentry","category-cidade"],"_links":{"self":[{"href":"https:\/\/tvc16.com\/portal\/wp-json\/wp\/v2\/posts\/6339","targetHints":{"allow":["GET"]}}],"collection":[{"href":"https:\/\/tvc16.com\/portal\/wp-json\/wp\/v2\/posts"}],"about":[{"href":"https:\/\/tvc16.com\/portal\/wp-json\/wp\/v2\/types\/post"}],"author":[{"embeddable":true,"href":"https:\/\/tvc16.com\/portal\/wp-json\/wp\/v2\/users\/2"}],"replies":[{"embeddable":true,"href":"https:\/\/tvc16.com\/portal\/wp-json\/wp\/v2\/comments?post=6339"}],"version-history":[{"count":1,"href":"https:\/\/tvc16.com\/portal\/wp-json\/wp\/v2\/posts\/6339\/revisions"}],"predecessor-version":[{"id":6343,"href":"https:\/\/tvc16.com\/portal\/wp-json\/wp\/v2\/posts\/6339\/revisions\/6343"}],"wp:featuredmedia":[{"embeddable":true,"href":"https:\/\/tvc16.com\/portal\/wp-json\/wp\/v2\/media\/6341"}],"wp:attachment":[{"href":"https:\/\/tvc16.com\/portal\/wp-json\/wp\/v2\/media?parent=6339"}],"wp:term":[{"taxonomy":"category","embeddable":true,"href":"https:\/\/tvc16.com\/portal\/wp-json\/wp\/v2\/categories?post=6339"},{"taxonomy":"post_tag","embeddable":true,"href":"https:\/\/tvc16.com\/portal\/wp-json\/wp\/v2\/tags?post=6339"}],"curies":[{"name":"wp","href":"https:\/\/api.w.org\/{rel}","templated":true}]}}