{"id":63396,"date":"2023-07-11T16:25:26","date_gmt":"2023-07-11T19:25:26","guid":{"rendered":"https:\/\/tvc16.com\/portal\/?p=63396"},"modified":"2023-07-11T17:28:57","modified_gmt":"2023-07-11T20:28:57","slug":"inscricoes-para-a-17a-conferencia-municipal-de-transito-e-transportes-comecaram-nesta-terca-feira-11","status":"publish","type":"post","link":"https:\/\/tvc16.com\/portal\/2023\/07\/11\/inscricoes-para-a-17a-conferencia-municipal-de-transito-e-transportes-comecaram-nesta-terca-feira-11\/","title":{"rendered":"Inscri\u00e7\u00f5es para a 17\u00aa Confer\u00eancia Municipal de Tr\u00e2nsito e Transportes come\u00e7aram nesta ter\u00e7a-feira (11)"},"content":{"rendered":"\n<p>As inscri\u00e7\u00f5es para a 17\u00aa Confer\u00eancia Municipal de Tr\u00e2nsito e Transportes (CMTT) come\u00e7aram nesta ter\u00e7a-feira, dia 11 de julho. O cadastro pode ser feito pela internet no site da Prefeitura (petropolis.rj.go.br\/cptrans) ou presencialmente na sede da Companhia Petropolitana de Tr\u00e2nsito e Transportes (CPtrans), at\u00e9 o dia 25 de julho.<\/p>\n\n\n\n<p>Este ano a confer\u00eancia tem como tema: Mobilidade Ativa e a integra\u00e7\u00e3o com o transporte p\u00fablico. O regimento da confer\u00eancia foi aprovado pelo Comutran durante plen\u00e1ria. A 17\u00aa Confer\u00eancia Municipal de Tr\u00e2nsito e Transportes \u00e9 promovida pela Prefeitura e pelo Conselho Municipal do Transporte (Comutran) vai acontecer na Casa dos Conselhos Municipais Augusto \u00c2ngelo Zanata (pr\u00e9dio anexo ao Pal\u00e1cio Sergio Fadel, na Avenida Koler, no Centro), no dia 29 de julho, das 9h \u00e0s 13h.<\/p>\n\n\n\n<p>Durante a confer\u00eancia tamb\u00e9m acontecer\u00e1 a elei\u00e7\u00e3o e posse da nova composi\u00e7\u00e3o do Comutran, com os membros da sociedade civil. Podem participar e se inscrever para a 17\u00aaCMTT, com direito \u00e0 voz e voto, entidades com sede em Petr\u00f3polis e pessoas acima de 16 anos.<\/p>\n\n\n\n<p>Foto: divulga\u00e7\u00e3o <\/p>\n","protected":false},"excerpt":{"rendered":"<p>As inscri\u00e7\u00f5es para a 17\u00aa Confer\u00eancia Municipal de Tr\u00e2nsito e Transportes (CMTT) come\u00e7aram nesta ter\u00e7a-feira,<\/p>\n","protected":false},"author":2,"featured_media":43102,"comment_status":"open","ping_status":"open","sticky":false,"template":"","format":"standard","meta":{"footnotes":""},"categories":[12],"tags":[],"class_list":["post-63396","post","type-post","status-publish","format-standard","has-post-thumbnail","hentry","category-cidade"],"_links":{"self":[{"href":"https:\/\/tvc16.com\/portal\/wp-json\/wp\/v2\/posts\/63396","targetHints":{"allow":["GET"]}}],"collection":[{"href":"https:\/\/tvc16.com\/portal\/wp-json\/wp\/v2\/posts"}],"about":[{"href":"https:\/\/tvc16.com\/portal\/wp-json\/wp\/v2\/types\/post"}],"author":[{"embeddable":true,"href":"https:\/\/tvc16.com\/portal\/wp-json\/wp\/v2\/users\/2"}],"replies":[{"embeddable":true,"href":"https:\/\/tvc16.com\/portal\/wp-json\/wp\/v2\/comments?post=63396"}],"version-history":[{"count":1,"href":"https:\/\/tvc16.com\/portal\/wp-json\/wp\/v2\/posts\/63396\/revisions"}],"predecessor-version":[{"id":63397,"href":"https:\/\/tvc16.com\/portal\/wp-json\/wp\/v2\/posts\/63396\/revisions\/63397"}],"wp:featuredmedia":[{"embeddable":true,"href":"https:\/\/tvc16.com\/portal\/wp-json\/wp\/v2\/media\/43102"}],"wp:attachment":[{"href":"https:\/\/tvc16.com\/portal\/wp-json\/wp\/v2\/media?parent=63396"}],"wp:term":[{"taxonomy":"category","embeddable":true,"href":"https:\/\/tvc16.com\/portal\/wp-json\/wp\/v2\/categories?post=63396"},{"taxonomy":"post_tag","embeddable":true,"href":"https:\/\/tvc16.com\/portal\/wp-json\/wp\/v2\/tags?post=63396"}],"curies":[{"name":"wp","href":"https:\/\/api.w.org\/{rel}","templated":true}]}}