{"id":63398,"date":"2023-07-11T17:20:32","date_gmt":"2023-07-11T20:20:32","guid":{"rendered":"https:\/\/tvc16.com\/portal\/?p=63398"},"modified":"2023-07-11T17:20:33","modified_gmt":"2023-07-11T20:20:33","slug":"uerj-recebe-ministro-de-portos-e-aeroportos-para-aula-magna","status":"publish","type":"post","link":"https:\/\/tvc16.com\/portal\/2023\/07\/11\/uerj-recebe-ministro-de-portos-e-aeroportos-para-aula-magna\/","title":{"rendered":"Uerj recebe ministro de Portos e Aeroportos para aula magna"},"content":{"rendered":"\n<p>A Universidade do Estado do Rio de Janeiro (Uerj) vai receber na pr\u00f3xima quinta-feira (13), \u00e0s 18h, o ministro de Portos e Aeroportos, M\u00e1rcio Fran\u00e7a, para aula magna do Instituto de Geografia. O evento, marcado para a Capela Ecum\u00eanica, no campus Maracan\u00e3, tem como tema &#8220;Portos e aeroportos no Brasil: as perspectivas de avan\u00e7o na \u00e1reas de infraestrutura, log\u00edstica e turismo&#8221;. <\/p>\n\n\n\n<p>&#8220;Esse \u00e9 um tema muito importante para o desenvolvimento econ\u00f4mico do Rio de Janeiro, tendo em vista a necessidade de implementa\u00e7\u00e3o uma pol\u00edtica espec\u00edfica de coordena\u00e7\u00e3o aeroportu\u00e1ria. Uma honra receber o ministro M\u00e1rcio Fran\u00e7a para esse debate na Uerj, que vem se consolidando como ag\u00eancia de pol\u00edticas p\u00fablicas em diversos segmentos no territ\u00f3rio fluminense&#8221;, afirmou o reitor Mario Carneiro.<\/p>\n\n\n\n<p>Foto: divulga\u00e7\u00e3o <\/p>\n","protected":false},"excerpt":{"rendered":"<p>A Universidade do Estado do Rio de Janeiro (Uerj) vai receber na pr\u00f3xima quinta-feira (13),<\/p>\n","protected":false},"author":2,"featured_media":63399,"comment_status":"open","ping_status":"open","sticky":false,"template":"","format":"standard","meta":{"footnotes":""},"categories":[17],"tags":[],"class_list":["post-63398","post","type-post","status-publish","format-standard","has-post-thumbnail","hentry","category-outras-noticias"],"_links":{"self":[{"href":"https:\/\/tvc16.com\/portal\/wp-json\/wp\/v2\/posts\/63398","targetHints":{"allow":["GET"]}}],"collection":[{"href":"https:\/\/tvc16.com\/portal\/wp-json\/wp\/v2\/posts"}],"about":[{"href":"https:\/\/tvc16.com\/portal\/wp-json\/wp\/v2\/types\/post"}],"author":[{"embeddable":true,"href":"https:\/\/tvc16.com\/portal\/wp-json\/wp\/v2\/users\/2"}],"replies":[{"embeddable":true,"href":"https:\/\/tvc16.com\/portal\/wp-json\/wp\/v2\/comments?post=63398"}],"version-history":[{"count":1,"href":"https:\/\/tvc16.com\/portal\/wp-json\/wp\/v2\/posts\/63398\/revisions"}],"predecessor-version":[{"id":63400,"href":"https:\/\/tvc16.com\/portal\/wp-json\/wp\/v2\/posts\/63398\/revisions\/63400"}],"wp:featuredmedia":[{"embeddable":true,"href":"https:\/\/tvc16.com\/portal\/wp-json\/wp\/v2\/media\/63399"}],"wp:attachment":[{"href":"https:\/\/tvc16.com\/portal\/wp-json\/wp\/v2\/media?parent=63398"}],"wp:term":[{"taxonomy":"category","embeddable":true,"href":"https:\/\/tvc16.com\/portal\/wp-json\/wp\/v2\/categories?post=63398"},{"taxonomy":"post_tag","embeddable":true,"href":"https:\/\/tvc16.com\/portal\/wp-json\/wp\/v2\/tags?post=63398"}],"curies":[{"name":"wp","href":"https:\/\/api.w.org\/{rel}","templated":true}]}}