{"id":634,"date":"2020-09-17T13:03:40","date_gmt":"2020-09-17T13:03:40","guid":{"rendered":"https:\/\/tvc16.com\/portal\/?p=634"},"modified":"2020-09-17T13:03:40","modified_gmt":"2020-09-17T13:03:40","slug":"atencao-primaria-a-saude-vai-ser-reforcada-por-todo-o-pais-pelos-proximos-tres-anos","status":"publish","type":"post","link":"https:\/\/tvc16.com\/portal\/2020\/09\/17\/atencao-primaria-a-saude-vai-ser-reforcada-por-todo-o-pais-pelos-proximos-tres-anos\/","title":{"rendered":"Aten\u00e7\u00e3o Prim\u00e1ria \u00e0 Sa\u00fade vai ser refor\u00e7ada por todo o pa\u00eds pelos pr\u00f3ximos tr\u00eas anos"},"content":{"rendered":"\n<p>O <strong><a href=\"https:\/\/www.saude.gov.br\/\">Minist\u00e9rio da Sa\u00fade<\/a><\/strong> pretende investir mais de R$ 61 milh\u00f5es, ainda este ano, para melhor qualifica\u00e7\u00e3o da rede de servi\u00e7os da Aten\u00e7\u00e3o Prim\u00e1ria por meio do Programa Pr\u00f3-Brasil, uma iniciativa do Governo Federal.<br><br>Pelos pr\u00f3ximos tr\u00eas anos, o programa ter\u00e1 or\u00e7amento maior. A previs\u00e3o \u00e9 de que seja investido R$ 61 milh\u00f5es em 2021 e, tamb\u00e9m, em 2022. O valor dispon\u00edvel para 2023 ainda ser\u00e1 definido.<br><br><img decoding=\"async\" alt=\"\" src=\"\/\/s3-sa-east-1.amazonaws.com\/agencia-radio-arb\/2782\/content_Aten%C3%A7%C3%A3o-Prim%C3%A1ria-%C3%A0-Sa%C3%BAde.jpg\"><br><br>O professor Anast\u00e1cio Queiroz, que \u00e9 m\u00e9dico infectologista e ex-presidente do <strong><a href=\"https:\/\/www.conass.org.br\/\">Conselho Nacional de Secret\u00e1rios de Sa\u00fade<\/a><\/strong>, explica que os munic\u00edpios possuem equipes multidisciplinares, profissionais de sa\u00fade que v\u00e3o at\u00e9 \u00e0 popula\u00e7\u00e3o e acompanham essas pessoas por muito tempo. Ent\u00e3o, ter equipes cada vez mais qualificadas, com equipamentos modernos e condi\u00e7\u00f5es melhores de atuar na preven\u00e7\u00e3o da sa\u00fade do brasileiro \u00e9 um caminho que evita, l\u00e1 na frente, o surgimento ou agravamento de condi\u00e7\u00f5es cl\u00ednicas.<br><br>\u201cNa realidade, a rela\u00e7\u00e3o entre m\u00e9dico e paciente, quando existe confian\u00e7a entre o m\u00e9dico e a fam\u00edlia que ele cuida e a popula\u00e7\u00e3o, fortalece os la\u00e7os e melhora a ades\u00e3o do paciente ao tratamento \u00e0s recomenda\u00e7\u00f5es que s\u00e3o feitas\u201d, ressalta o professor. \u201cEsse grupo [de profissionais al\u00e9m do m\u00e9dico] pode, perfeitamente, evitar que muitas doen\u00e7as cr\u00f4nicas evoluam para sequelas. Por exemplo, o hipertenso e sua rela\u00e7\u00e3o com a dieta de sal. Ent\u00e3o, \u00e0s vezes, n\u00e3o \u00e9 s\u00f3 dar o rem\u00e9dio para o hipertenso, mas trabalhar com ele para que tenha uma dieta mais saud\u00e1vel\u201d, explicou.&nbsp;<br><br>O recurso, distribu\u00eddo para os 26 estados e o Distrito Federal, ser\u00e1 utilizado para melhoria da estrutura f\u00edsica das Unidades B\u00e1sicas de Sa\u00fade da Aten\u00e7\u00e3o Prim\u00e1ria, com o objetivo de adequar o trabalho das equipes de sa\u00fade de acordo com a demanda da popula\u00e7\u00e3o.<\/p>\n\n\n\n<h2 class=\"wp-block-heading\">Infraestrutura<\/h2>\n\n\n\n<p>Os munic\u00edpios poder\u00e3o usar essa verba para constru\u00e7\u00e3o, reforma e amplia\u00e7\u00e3o das unidades. Al\u00e9m disso, a previs\u00e3o \u00e9 concluir 1.384 obras de constru\u00e7\u00e3o, reforma e amplia\u00e7\u00e3o de postos de sa\u00fade em todo o pa\u00eds.<br><br>A ades\u00e3o ao programa e o registro do andamento das obras ser\u00e3o feitos pelo Sistema de Monitoramento de Obras (SISMOB), uma ferramenta que possibilita aos gestores ter maior controle sobre o andamento das obras e a continuidade dos repasses do Minist\u00e9rio da Sa\u00fade.<br><br>Segundo o secret\u00e1rio geral do <strong><a href=\"https:\/\/www.conasems.org.br\/\">Conselho Nacional de Secretarias de Sa\u00fade Municipais (Conasems)<\/a><\/strong>, Mauro Junqueira, essa a\u00e7\u00e3o \u00e9 importante, mas n\u00e3o \u00e9 uma ajuda que o Governo Federal vai prestar aos gestores municipais. A sa\u00fade da popula\u00e7\u00e3o brasileira \u00e9 uma obriga\u00e7\u00e3o constitucional que deve ser repartida entre Uni\u00e3o, estados e munic\u00edpios.<\/p>\n\n\n\n<p>\u201cCabe \u00e0 Uni\u00e3o e aos estados apoiar t\u00e9cnica e financeiramente os munic\u00edpios para fazer a Aten\u00e7\u00e3o Prim\u00e1ria, M\u00e9dia e de Alta Complexidade, Vigil\u00e2ncia, Assist\u00eancia Farmac\u00eautica, ou seja, todo o Sistema \u00danico de Sa\u00fade \u00e9 de responsabilidade tripartite. O Governo Federal pactua a\u00e7\u00f5es e servi\u00e7os p\u00fablicos de sa\u00fade, que est\u00e3o previstos no Plano Nacional de Sa\u00fade e nos planos estaduais e municipais de sa\u00fade, para que as a\u00e7\u00f5es sejam realizadas na ponta. A\u00ed sim ser\u00e3o executadas pelos entes subnacionais, no caso, os munic\u00edpios\u201d, destaca Junqueira.<\/p>\n\n\n\n<h2 class=\"wp-block-heading\">Aten\u00e7\u00e3o b\u00e1sica<\/h2>\n\n\n\n<p>Voc\u00ea sabe o que \u00e9 Aten\u00e7\u00e3o Prim\u00e1ria \u00e0 Sa\u00fade ou o que ela significa na sua vida? Esse \u00e9 o primeiro n\u00edvel de cuidados \u00e0 sa\u00fade oferecido para a popula\u00e7\u00e3o e se caracteriza por um conjunto de a\u00e7\u00f5es, voltadas tanto para o cuidado individual quanto coletivo, que abrange a promo\u00e7\u00e3o e a prote\u00e7\u00e3o da sa\u00fade, a preven\u00e7\u00e3o de agravos, o diagn\u00f3stico, o tratamento, a reabilita\u00e7\u00e3o e a redu\u00e7\u00e3o de danos.<br><br>\u00c9 poss\u00edvel traduzir de forma at\u00e9 mais simples, dizendo que a Aten\u00e7\u00e3o Prim\u00e1ria \u00e9 o servi\u00e7o que voc\u00ea vai precisar quando tiver algum problema de sa\u00fade menos grave a ser resolvido ou quando \u00e9 poss\u00edvel receber acompanhamento de uma equipe de profissionais de sa\u00fade durante toda a vida para evitar que doen\u00e7as cr\u00f4nicas se agravem ao longo do tempo. &nbsp;&nbsp;<br><br>Al\u00e9m de aumentar seu conhecimento sobre o nosso sistema p\u00fablico de sa\u00fade, essa informa\u00e7\u00e3o tamb\u00e9m \u00e9 importante para entender os benef\u00edcios de termos uma Aten\u00e7\u00e3o Prim\u00e1ria com equipes mais qualificadas e aparelhos mais modernos. E isso s\u00f3 \u00e9 poss\u00edvel com amplia\u00e7\u00e3o de recursos para o setor, que foi ainda mais evidenciado na pandemia.&nbsp;<\/p>\n\n\n\n<p>Fonte: <a href=\"https:\/\/brasil61.com\/noticias\/atencao-primaria-a-saude-vai-ser-reforcada-por-todo-o-pais-pelos-proximos-tres-anos-bras201589\" target=\"_blank\" rel=\"noreferrer noopener\">Brasil 61<\/a><\/p>\n","protected":false},"excerpt":{"rendered":"<p>O Minist\u00e9rio da Sa\u00fade pretende investir mais de R$ 61 milh\u00f5es, ainda este ano, para<\/p>\n","protected":false},"author":2,"featured_media":635,"comment_status":"open","ping_status":"open","sticky":false,"template":"","format":"standard","meta":{"footnotes":""},"categories":[13],"tags":[],"class_list":["post-634","post","type-post","status-publish","format-standard","has-post-thumbnail","hentry","category-saude"],"_links":{"self":[{"href":"https:\/\/tvc16.com\/portal\/wp-json\/wp\/v2\/posts\/634","targetHints":{"allow":["GET"]}}],"collection":[{"href":"https:\/\/tvc16.com\/portal\/wp-json\/wp\/v2\/posts"}],"about":[{"href":"https:\/\/tvc16.com\/portal\/wp-json\/wp\/v2\/types\/post"}],"author":[{"embeddable":true,"href":"https:\/\/tvc16.com\/portal\/wp-json\/wp\/v2\/users\/2"}],"replies":[{"embeddable":true,"href":"https:\/\/tvc16.com\/portal\/wp-json\/wp\/v2\/comments?post=634"}],"version-history":[{"count":1,"href":"https:\/\/tvc16.com\/portal\/wp-json\/wp\/v2\/posts\/634\/revisions"}],"predecessor-version":[{"id":636,"href":"https:\/\/tvc16.com\/portal\/wp-json\/wp\/v2\/posts\/634\/revisions\/636"}],"wp:featuredmedia":[{"embeddable":true,"href":"https:\/\/tvc16.com\/portal\/wp-json\/wp\/v2\/media\/635"}],"wp:attachment":[{"href":"https:\/\/tvc16.com\/portal\/wp-json\/wp\/v2\/media?parent=634"}],"wp:term":[{"taxonomy":"category","embeddable":true,"href":"https:\/\/tvc16.com\/portal\/wp-json\/wp\/v2\/categories?post=634"},{"taxonomy":"post_tag","embeddable":true,"href":"https:\/\/tvc16.com\/portal\/wp-json\/wp\/v2\/tags?post=634"}],"curies":[{"name":"wp","href":"https:\/\/api.w.org\/{rel}","templated":true}]}}