{"id":63401,"date":"2023-07-11T17:27:39","date_gmt":"2023-07-11T20:27:39","guid":{"rendered":"https:\/\/tvc16.com\/portal\/?p=63401"},"modified":"2023-07-11T17:27:40","modified_gmt":"2023-07-11T20:27:40","slug":"feirinha-de-itaipava-confirma-presenca-no-petropolis-business","status":"publish","type":"post","link":"https:\/\/tvc16.com\/portal\/2023\/07\/11\/feirinha-de-itaipava-confirma-presenca-no-petropolis-business\/","title":{"rendered":"Feirinha de Itaipava confirma presen\u00e7a no Petr\u00f3polis Business"},"content":{"rendered":"\n<p>Um dos principais polos de moda do munic\u00edpio\u00a0participar\u00e1\u00a0do Petr\u00f3polis Business, em outubro. Representando a diversidade e o potencial empreendedor da regi\u00e3o, a Feirinha de Itaipava contar\u00e1 com 26 stands de diferentes segmentos em meio aos 230 espa\u00e7os que ir\u00e3o compor o evento.<\/p>\n\n\n\n<p>\u201cO Petr\u00f3polis Business \u00e9 considerado o maior evento empresarial do interior fluminense e a participa\u00e7\u00e3o da Feirinha neste encontro \u00e9 um marco significativo. Estamos entusiasmados em apresentar a nossa ampla variedade de produtos em um evento de tamanha relev\u00e2ncia\u201d, destaca o administrador da Feirinha de Itaipava, S\u00e9rgio G-t\u00e3o.<\/p>\n\n\n\n<p>O Petr\u00f3polis Business, que ocorrer\u00e1 de 26 a 29 de outubro no Pal\u00e1cio Quitandinha, tem como objetivo fortalecer a economia local. O evento reunir\u00e1 os principais segmentos econ\u00f4micos do munic\u00edpio, proporcionando oportunidades de parcerias e neg\u00f3cios.<\/p>\n\n\n\n<p><strong>Sobre a Feirinha de Itaipava<\/strong><br>O polo de moda est\u00e1 localizado na Rodovia BR-040, KM 63, em Itaipava. Com 390 stands de diferentes segmentos, a Feirinha de Itaipava oferece aos visitantes estacionamento gratuito, al\u00e9m de restaurantes e lanchonetes.&nbsp;<\/p>\n\n\n\n<p>Na quinta e sexta-feira, algumas lojas ficam abertas das 10h \u00e0s 18h. J\u00e1 aos s\u00e1bados, domingos e feriados, todos os stands funcionam das 10h \u00e0s 19h. Mais informa\u00e7\u00f5es podem ser obtidas no perfil oficial do polo de moda no Instagram (@Feirinha_Itaipava).<\/p>\n\n\n\n<p>Foto: divulga\u00e7\u00e3o <\/p>\n","protected":false},"excerpt":{"rendered":"<p>Um dos principais polos de moda do munic\u00edpio\u00a0participar\u00e1\u00a0do Petr\u00f3polis Business, em outubro. Representando a diversidade<\/p>\n","protected":false},"author":2,"featured_media":63402,"comment_status":"open","ping_status":"open","sticky":false,"template":"","format":"standard","meta":{"footnotes":""},"categories":[12],"tags":[],"class_list":["post-63401","post","type-post","status-publish","format-standard","has-post-thumbnail","hentry","category-cidade"],"_links":{"self":[{"href":"https:\/\/tvc16.com\/portal\/wp-json\/wp\/v2\/posts\/63401","targetHints":{"allow":["GET"]}}],"collection":[{"href":"https:\/\/tvc16.com\/portal\/wp-json\/wp\/v2\/posts"}],"about":[{"href":"https:\/\/tvc16.com\/portal\/wp-json\/wp\/v2\/types\/post"}],"author":[{"embeddable":true,"href":"https:\/\/tvc16.com\/portal\/wp-json\/wp\/v2\/users\/2"}],"replies":[{"embeddable":true,"href":"https:\/\/tvc16.com\/portal\/wp-json\/wp\/v2\/comments?post=63401"}],"version-history":[{"count":1,"href":"https:\/\/tvc16.com\/portal\/wp-json\/wp\/v2\/posts\/63401\/revisions"}],"predecessor-version":[{"id":63403,"href":"https:\/\/tvc16.com\/portal\/wp-json\/wp\/v2\/posts\/63401\/revisions\/63403"}],"wp:featuredmedia":[{"embeddable":true,"href":"https:\/\/tvc16.com\/portal\/wp-json\/wp\/v2\/media\/63402"}],"wp:attachment":[{"href":"https:\/\/tvc16.com\/portal\/wp-json\/wp\/v2\/media?parent=63401"}],"wp:term":[{"taxonomy":"category","embeddable":true,"href":"https:\/\/tvc16.com\/portal\/wp-json\/wp\/v2\/categories?post=63401"},{"taxonomy":"post_tag","embeddable":true,"href":"https:\/\/tvc16.com\/portal\/wp-json\/wp\/v2\/tags?post=63401"}],"curies":[{"name":"wp","href":"https:\/\/api.w.org\/{rel}","templated":true}]}}