{"id":63408,"date":"2023-07-11T17:41:36","date_gmt":"2023-07-11T20:41:36","guid":{"rendered":"https:\/\/tvc16.com\/portal\/?p=63408"},"modified":"2023-07-11T17:41:37","modified_gmt":"2023-07-11T20:41:37","slug":"34a-edicao-da-bauernfest-termina-com-sensacao-de-que-poderia-ter-sido-melhor","status":"publish","type":"post","link":"https:\/\/tvc16.com\/portal\/2023\/07\/11\/34a-edicao-da-bauernfest-termina-com-sensacao-de-que-poderia-ter-sido-melhor\/","title":{"rendered":"34\u00aa edi\u00e7\u00e3o da Bauernfest termina com sensa\u00e7\u00e3o de que &#8220;poderia ter sido melhor&#8221;"},"content":{"rendered":"\n<p>No \u00faltimo domingo chegou ao fim a 34\u00aa edi\u00e7\u00e3o da Bauernfest, tradicional festa da cultura Alem\u00e3 promovida em Petr\u00f3polis. Esta foi a 1\u00aa edi\u00e7\u00e3o presencial &#8220;de volta a normalidade&#8221;, tendo em vista que ano passado o evento precisou ser adiado devido ao impacto das trag\u00e9dias ambientais que afetaram a cidade. E, tamb\u00e9m ap\u00f3s a retomada dos eventos depois de dois anos de pandemia. <\/p>\n\n\n\n<p>O \u00faltimo balan\u00e7o divulgado pela Prefeitura de Petr\u00f3polis, em rela\u00e7\u00e3o a festa, apresentou m\u00e9dia de ocupa\u00e7\u00e3o hoteleira de 81,24% no Centro Hist\u00f3rico e arredores. Nos demais distritos a m\u00e9dia ficou em cerca de 62%, e da cidade a m\u00e9dia ficou em 71%, durante a semana entre os dias de 30 de junho a 2 de julho. Entre os dias 23 e 25 de junho a m\u00e9dia ficou em 80%. No quesito movimenta\u00e7\u00e3o ao todo passaram 294 ve\u00edculos pelas barreiras instaladas no Bingen, Quitandinha e no Retiro sendo, 192 \u00f4nibus e 102 vans entre os dias 24 e 25 de junho.<\/p>\n\n\n\n<p>Apesar de a volta do evento a sua normalidade, e dos n\u00fameros apresentados pela Prefeitura, comerciantes de barraquinhas e lanchonetes tanto do Centro da Cidade,  quanto do entorno do Pal\u00e1cio de Cristal, e regi\u00f5es como a Rua Montecaseros e Pra\u00e7a da Liberdade, reclamaram que o evento foi bom mas fraco. \u201cO evento ajudou no movimento da loja, mas esse ano foi mais fraco se comparado a 2019 e anos anteriores&#8221;, comentou a empres\u00e1ria Claudia Lopes da lanchonete Casa Mojira Kan. <\/p>\n\n\n\n<p>Na Pra\u00e7a da Liberdade onde a programa\u00e7\u00e3o foi voltada para p\u00fablico infantil as reclama\u00e7\u00f5es foram outras. \u201cAs vendas aqui foram boas, mas a programa\u00e7\u00e3o que a Turispetro colocou muito fraca\u201d explicou Karina Filgueiras que trabalha com barraquinhas h\u00e1 mais de 20 anos. <\/p>\n\n\n\n<p>Apesar disso, teve quem aprovou as medidas adotadas para a realiza\u00e7\u00e3o do evento e organiza\u00e7\u00e3o desta edi\u00e7\u00e3o da festa. \u201cSem d\u00favida foi melhor que o do ano passado, talvez n\u00e3o tenha superado 2019, mas foi muito melhor em rela\u00e7\u00e3o ao ano passado, e foi uma das melhores e mais organizadas em sentido de tr\u00e2nsito, principalmente em cuidados com seguran\u00e7a, coisa que vinha se deixando a desejar a muito tempo\u201d, disse o representante do segmento germ\u00e2nico Marcos Germ\u00e2nico.<\/p>\n\n\n\n<p>At\u00e9 o encerramento dessa mat\u00e9ria a Prefeitura n\u00e3o atualizou os dados mais recentes sobre ocupa\u00e7\u00e3o na cidade.<\/p>\n\n\n\n<p>Texto e foto por Guilherme Mattos<\/p>\n","protected":false},"excerpt":{"rendered":"<p>No \u00faltimo domingo chegou ao fim a 34\u00aa edi\u00e7\u00e3o da Bauernfest, tradicional festa da cultura<\/p>\n","protected":false},"author":2,"featured_media":63409,"comment_status":"open","ping_status":"open","sticky":false,"template":"","format":"standard","meta":{"footnotes":""},"categories":[12],"tags":[],"class_list":["post-63408","post","type-post","status-publish","format-standard","has-post-thumbnail","hentry","category-cidade"],"_links":{"self":[{"href":"https:\/\/tvc16.com\/portal\/wp-json\/wp\/v2\/posts\/63408","targetHints":{"allow":["GET"]}}],"collection":[{"href":"https:\/\/tvc16.com\/portal\/wp-json\/wp\/v2\/posts"}],"about":[{"href":"https:\/\/tvc16.com\/portal\/wp-json\/wp\/v2\/types\/post"}],"author":[{"embeddable":true,"href":"https:\/\/tvc16.com\/portal\/wp-json\/wp\/v2\/users\/2"}],"replies":[{"embeddable":true,"href":"https:\/\/tvc16.com\/portal\/wp-json\/wp\/v2\/comments?post=63408"}],"version-history":[{"count":1,"href":"https:\/\/tvc16.com\/portal\/wp-json\/wp\/v2\/posts\/63408\/revisions"}],"predecessor-version":[{"id":63410,"href":"https:\/\/tvc16.com\/portal\/wp-json\/wp\/v2\/posts\/63408\/revisions\/63410"}],"wp:featuredmedia":[{"embeddable":true,"href":"https:\/\/tvc16.com\/portal\/wp-json\/wp\/v2\/media\/63409"}],"wp:attachment":[{"href":"https:\/\/tvc16.com\/portal\/wp-json\/wp\/v2\/media?parent=63408"}],"wp:term":[{"taxonomy":"category","embeddable":true,"href":"https:\/\/tvc16.com\/portal\/wp-json\/wp\/v2\/categories?post=63408"},{"taxonomy":"post_tag","embeddable":true,"href":"https:\/\/tvc16.com\/portal\/wp-json\/wp\/v2\/tags?post=63408"}],"curies":[{"name":"wp","href":"https:\/\/api.w.org\/{rel}","templated":true}]}}