{"id":6344,"date":"2020-11-22T12:00:12","date_gmt":"2020-11-22T15:00:12","guid":{"rendered":"https:\/\/tvc16.com\/portal\/?p=6344"},"modified":"2020-11-22T14:09:05","modified_gmt":"2020-11-22T17:09:05","slug":"estreia-dia-primeiro-de-dezembro-na-programacao-da-tvc-16-bora-falar","status":"publish","type":"post","link":"https:\/\/tvc16.com\/portal\/2020\/11\/22\/estreia-dia-primeiro-de-dezembro-na-programacao-da-tvc-16-bora-falar\/","title":{"rendered":"Estreia dia primeiro de dezembro na programa\u00e7\u00e3o da TVC 16: Bora falar?"},"content":{"rendered":"\n<p>                           A atra\u00e7\u00e3o ser\u00e1 apresentada por J\u00e9ssica Lima<\/p>\n\n\n\n<figure class=\"wp-block-image size-large is-resized\"><img loading=\"lazy\" decoding=\"async\" src=\"https:\/\/tvc16.com\/portal\/wp-content\/uploads\/2020\/11\/IMG-20201121-WA0067-682x1024.jpg\" alt=\"\" class=\"wp-image-6345\" width=\"389\" height=\"584\" srcset=\"https:\/\/tvc16.com\/portal\/wp-content\/uploads\/2020\/11\/IMG-20201121-WA0067-682x1024.jpg 682w, https:\/\/tvc16.com\/portal\/wp-content\/uploads\/2020\/11\/IMG-20201121-WA0067-200x300.jpg 200w, https:\/\/tvc16.com\/portal\/wp-content\/uploads\/2020\/11\/IMG-20201121-WA0067-768x1152.jpg 768w, https:\/\/tvc16.com\/portal\/wp-content\/uploads\/2020\/11\/IMG-20201121-WA0067.jpg 853w\" sizes=\"auto, (max-width: 389px) 100vw, 389px\" \/><figcaption>J\u00e9ssica Lima<\/figcaption><\/figure>\n\n\n\n<p>Quem acompanha a programa\u00e7\u00e3o da TV Cidade de Petr\u00f3polis j\u00e1 conhece esta jovem apresentadora e sabe que ela comanda toda segunda-feira, \u00e0s 9h30, o &#8221; Nasceu? Bora cuidar!<br>A atra\u00e7\u00e3o voltada a pais e respons\u00e1vel, que em breve, perde a apresentadora. <\/p>\n\n\n\n<figure class=\"wp-block-image size-large is-style-rounded\"><img loading=\"lazy\" decoding=\"async\" width=\"1024\" height=\"768\" src=\"https:\/\/tvc16.com\/portal\/wp-content\/uploads\/2020\/11\/IMG-20201122-WA0017-1024x768.jpg\" alt=\"\" class=\"wp-image-6347\" srcset=\"https:\/\/tvc16.com\/portal\/wp-content\/uploads\/2020\/11\/IMG-20201122-WA0017-1024x768.jpg 1024w, https:\/\/tvc16.com\/portal\/wp-content\/uploads\/2020\/11\/IMG-20201122-WA0017-300x225.jpg 300w, https:\/\/tvc16.com\/portal\/wp-content\/uploads\/2020\/11\/IMG-20201122-WA0017-768x576.jpg 768w, https:\/\/tvc16.com\/portal\/wp-content\/uploads\/2020\/11\/IMG-20201122-WA0017-200x150.jpg 200w, https:\/\/tvc16.com\/portal\/wp-content\/uploads\/2020\/11\/IMG-20201122-WA0017.jpg 1280w\" sizes=\"auto, (max-width: 1024px) 100vw, 1024px\" \/><\/figure>\n\n\n\n<p>\u00c9 a sa\u00edda mais r\u00e1pida da tv brasileira! Deixa um programa dia 30\/11 e estreia outro matinal, no dia seguinte. Mas desta vez, com um p\u00fablico bem ecl\u00e9tico. \u00c9 a novidade: &#8220;Bora falar?<\/p>\n\n\n\n<figure class=\"wp-block-image size-large is-resized\"><img loading=\"lazy\" decoding=\"async\" src=\"https:\/\/tvc16.com\/portal\/wp-content\/uploads\/2020\/11\/IMG-20201121-WA0068-1024x1024.jpg\" alt=\"\" class=\"wp-image-6346\" width=\"423\" height=\"423\" srcset=\"https:\/\/tvc16.com\/portal\/wp-content\/uploads\/2020\/11\/IMG-20201121-WA0068-1024x1024.jpg 1024w, https:\/\/tvc16.com\/portal\/wp-content\/uploads\/2020\/11\/IMG-20201121-WA0068-300x300.jpg 300w, https:\/\/tvc16.com\/portal\/wp-content\/uploads\/2020\/11\/IMG-20201121-WA0068-150x150.jpg 150w, https:\/\/tvc16.com\/portal\/wp-content\/uploads\/2020\/11\/IMG-20201121-WA0068-768x768.jpg 768w, https:\/\/tvc16.com\/portal\/wp-content\/uploads\/2020\/11\/IMG-20201121-WA0068.jpg 1236w\" sizes=\"auto, (max-width: 423px) 100vw, 423px\" \/><figcaption>Jessica Lima<\/figcaption><\/figure>\n\n\n\n<p>                     Isto mesmo, ela agora vai falar de quase tudo&#8230;<\/p>\n\n\n\n<p>Bora falar? de moda, beleza, sa\u00fade,&nbsp; gastronomia, turismo, cultura e muito mais!<\/p>\n\n\n\n<p>Agora, &#8220;bora falar&#8221; um pouco sobre esta jovem que surpreendeu os telespectadores ao dividir com Pablo Kling a transmiss\u00e3o das elei\u00e7\u00f5es 2020, da emissora, que no primeiro turno, 15\/11, ficou no ar, ao vivo, mais de 10h levando informa\u00e7\u00f5es e atendendo \u00e0s mensagens dos telespectadores.<\/p>\n\n\n\n<figure class=\"wp-block-gallery columns-1 is-cropped wp-block-gallery-1 is-layout-flex wp-block-gallery-is-layout-flex\"><ul class=\"blocks-gallery-grid\"><li class=\"blocks-gallery-item\"><figure><img loading=\"lazy\" decoding=\"async\" width=\"1024\" height=\"576\" src=\"https:\/\/tvc16.com\/portal\/wp-content\/uploads\/2020\/11\/20201115_153158-1-1024x576.jpg\" alt=\"\" data-id=\"5741\" data-full-url=\"https:\/\/tvc16.com\/portal\/wp-content\/uploads\/2020\/11\/20201115_153158-1-scaled.jpg\" data-link=\"https:\/\/tvc16.com\/portal\/2020\/11\/15\/mesmo-com-atraso-da-totalizacao-das-urnas-a-equipe-da-tvc-16-que-trabalha-na-cobertura-das-eleicoes-2020-resiste-bravamente-no-ar\/20201115_153158-1\/\" class=\"wp-image-5741\" srcset=\"https:\/\/tvc16.com\/portal\/wp-content\/uploads\/2020\/11\/20201115_153158-1-1024x576.jpg 1024w, https:\/\/tvc16.com\/portal\/wp-content\/uploads\/2020\/11\/20201115_153158-1-300x169.jpg 300w, https:\/\/tvc16.com\/portal\/wp-content\/uploads\/2020\/11\/20201115_153158-1-768x432.jpg 768w, https:\/\/tvc16.com\/portal\/wp-content\/uploads\/2020\/11\/20201115_153158-1-1536x864.jpg 1536w, https:\/\/tvc16.com\/portal\/wp-content\/uploads\/2020\/11\/20201115_153158-1-2048x1152.jpg 2048w\" sizes=\"auto, (max-width: 1024px) 100vw, 1024px\" \/><figcaption class=\"blocks-gallery-item__caption\">Pablo Kling e J\u00e9ssica Lima na transmiss\u00e3o das Elei\u00e7\u00f5es 2020<\/figcaption><\/figure><\/li><\/ul><\/figure>\n\n\n\n<p>J\u00e9ssica Lima \u00e9 petropolitana, pisciana, m\u00e3e da Helena, de 6 anos e do Arthur de 5 anos.<\/p>\n\n\n\n<figure class=\"wp-block-image size-large\"><img loading=\"lazy\" decoding=\"async\" width=\"1024\" height=\"683\" src=\"https:\/\/tvc16.com\/portal\/wp-content\/uploads\/2020\/11\/facebook_1606056455436_6736289015264660576-1024x683.jpg\" alt=\"\" class=\"wp-image-6348\" srcset=\"https:\/\/tvc16.com\/portal\/wp-content\/uploads\/2020\/11\/facebook_1606056455436_6736289015264660576-1024x683.jpg 1024w, https:\/\/tvc16.com\/portal\/wp-content\/uploads\/2020\/11\/facebook_1606056455436_6736289015264660576-300x200.jpg 300w, https:\/\/tvc16.com\/portal\/wp-content\/uploads\/2020\/11\/facebook_1606056455436_6736289015264660576-768x512.jpg 768w, https:\/\/tvc16.com\/portal\/wp-content\/uploads\/2020\/11\/facebook_1606056455436_6736289015264660576-900x600.jpg 900w, https:\/\/tvc16.com\/portal\/wp-content\/uploads\/2020\/11\/facebook_1606056455436_6736289015264660576.jpg 1080w\" sizes=\"auto, (max-width: 1024px) 100vw, 1024px\" \/><figcaption>J\u00e9ssica Lima, Helena e Arthur &#8211; ensaio fotogr\u00e1fico para o natal 2020<\/figcaption><\/figure>\n\n\n\n<p>Cursou a faculdade de dan\u00e7a, (gradua\u00e7\u00e3o UFRJ) sem finalizar por conta das gesta\u00e7\u00f5es. Antes de assumir o &#8220;Nasceu? Bora cuidar!&#8221; dava aulas de dan\u00e7a para crian\u00e7as e adultos, na verdade ainda, ainda \u00e9 profissional da dan\u00e7a, mas durante a pandemia, esta atividade presencial foi temporariamente suspensa e algumas atividades, agora, s\u00e3o online. J\u00e9ssica ama o que faz, e aos poucos, est\u00e1 retornando com as aulas presenciais com turmas reduzidas de dois e tr\u00eas alunos, com os devidos protocolos de seguran\u00e7a sanit\u00e1ria; como o uso de m\u00e1scaras e \u00e1lcool gel. A previs\u00e3o de retorno, para os adultos \u00e9  para o pr\u00f3ximo m\u00eas. A jovem gosta de comer, quem v\u00ea este corpinho lindo, nem imagina que n\u00e3o h\u00e1 restri\u00e7\u00f5es; ama carne e doces, s\u00f3 n\u00e3o \u00e9 f\u00e3 de queijo!<\/p>\n\n\n\n<figure class=\"wp-block-image size-large is-style-rounded\"><img loading=\"lazy\" decoding=\"async\" width=\"1024\" height=\"1024\" src=\"https:\/\/tvc16.com\/portal\/wp-content\/uploads\/2020\/11\/FB_IMG_1606056805484-1024x1024.jpg\" alt=\"\" class=\"wp-image-6349\" srcset=\"https:\/\/tvc16.com\/portal\/wp-content\/uploads\/2020\/11\/FB_IMG_1606056805484-1024x1024.jpg 1024w, https:\/\/tvc16.com\/portal\/wp-content\/uploads\/2020\/11\/FB_IMG_1606056805484-300x300.jpg 300w, https:\/\/tvc16.com\/portal\/wp-content\/uploads\/2020\/11\/FB_IMG_1606056805484-150x150.jpg 150w, https:\/\/tvc16.com\/portal\/wp-content\/uploads\/2020\/11\/FB_IMG_1606056805484-768x768.jpg 768w, https:\/\/tvc16.com\/portal\/wp-content\/uploads\/2020\/11\/FB_IMG_1606056805484.jpg 1080w\" sizes=\"auto, (max-width: 1024px) 100vw, 1024px\" \/><figcaption>Jessica Lima &#8211; dan\u00e7arina e professora de dan\u00e7a<\/figcaption><\/figure>\n\n\n\n<p>J\u00e9ssica agora parte para novos desafios, al\u00e9m de todas as atividades como m\u00e3e (o que j\u00e1 toma muito tempo e exige dedica\u00e7\u00e3o rsrs), dar aulas e apresentar o Nasceu at\u00e9 dia 30 deste m\u00eas, ela surpreende com a estreia do Bora Falar? j\u00e1 no dia primeiro de dezembro. O m\u00eas de estreia traz temas natalinos e festivos, afinal, mesmo com pandemia, a alegria das festas de fim de ano, precisa do esp\u00edrito de alegria e f\u00e9, o que n\u00e3o falta a esta jovem determinada, de sorriso largo e confiante.<\/p>\n\n\n\n<p>E teve mais:<\/p>\n\n\n\n<p>Para quem duvida desta jovem, vale lembrar que ela ficou tr\u00eas meses a frente do programa &#8220;E agora doutor ?&#8221;, substituindo o apresentador oficial. Nos bastidores,  sabe se que ela foi cogitada,  tamb\u00e9m, para assumir o programa voltado \u00e0 sa\u00fade, mas optou pelo &#8220;Bora falar?&#8221; que al\u00e9m da apresenta\u00e7\u00e3o, ela tamb\u00e9m far\u00e1 parte da produ\u00e7\u00e3o.<\/p>\n\n\n\n\n\n<figure class=\"wp-block-gallery columns-1 is-cropped wp-block-gallery-2 is-layout-flex wp-block-gallery-is-layout-flex\"><ul class=\"blocks-gallery-grid\"><li class=\"blocks-gallery-item\"><figure><img loading=\"lazy\" decoding=\"async\" width=\"1024\" height=\"768\" src=\"https:\/\/tvc16.com\/portal\/wp-content\/uploads\/2020\/11\/IMG-20201122-WA0045-1024x768.jpg\" alt=\"\" data-id=\"6355\" data-full-url=\"https:\/\/tvc16.com\/portal\/wp-content\/uploads\/2020\/11\/IMG-20201122-WA0045.jpg\" data-link=\"https:\/\/tvc16.com\/portal\/2020\/11\/22\/estreia-dia-primeiro-de-dezembro-na-programacao-da-tvc-16-bora-falar\/img-20201122-wa0045\/\" class=\"wp-image-6355\" srcset=\"https:\/\/tvc16.com\/portal\/wp-content\/uploads\/2020\/11\/IMG-20201122-WA0045-1024x768.jpg 1024w, https:\/\/tvc16.com\/portal\/wp-content\/uploads\/2020\/11\/IMG-20201122-WA0045-300x225.jpg 300w, https:\/\/tvc16.com\/portal\/wp-content\/uploads\/2020\/11\/IMG-20201122-WA0045-768x576.jpg 768w, https:\/\/tvc16.com\/portal\/wp-content\/uploads\/2020\/11\/IMG-20201122-WA0045-200x150.jpg 200w, https:\/\/tvc16.com\/portal\/wp-content\/uploads\/2020\/11\/IMG-20201122-WA0045.jpg 1280w\" sizes=\"auto, (max-width: 1024px) 100vw, 1024px\" \/><figcaption class=\"blocks-gallery-item__caption\">J\u00e9ssica Lima na apresenta\u00e7\u00e3o do programa <br>E agora Doutor?<\/figcaption><\/figure><\/li><\/ul><\/figure>\n\n\n\n<p>Servi\u00e7o:<\/p>\n\n\n\n<p>Bora Fala? Apresenta\u00e7\u00e3o J\u00e9ssica Lima<\/p>\n\n\n\n<p>Dire\u00e7\u00e3o executiva: Beth de Oliveira<\/p>\n\n\n\n<p>Realiza\u00e7\u00e3o: TVC 16<\/p>\n\n\n\n<p>Toda ter\u00e7a-feira \u00e0s 10h30 com reprises quarta-feira \u00e0s 19h, s\u00e1bado ao meio dia e domingo \u00e0s 17h.<\/p>\n\n\n\n<p>Onde assistir: TV Cidade de Petr\u00f3polis, canal 16, em Petr\u00f3polis (cabo &#8211; Tech Cable), facebook da emissora, Youtube tvc16 e site www.tvc16.com<\/p>\n","protected":false},"excerpt":{"rendered":"<p>A atra\u00e7\u00e3o ser\u00e1 apresentada por J\u00e9ssica Lima Quem acompanha a programa\u00e7\u00e3o da TV Cidade de<\/p>\n","protected":false},"author":2,"featured_media":6351,"comment_status":"open","ping_status":"open","sticky":false,"template":"","format":"standard","meta":{"footnotes":""},"categories":[12],"tags":[],"class_list":["post-6344","post","type-post","status-publish","format-standard","has-post-thumbnail","hentry","category-cidade"],"_links":{"self":[{"href":"https:\/\/tvc16.com\/portal\/wp-json\/wp\/v2\/posts\/6344","targetHints":{"allow":["GET"]}}],"collection":[{"href":"https:\/\/tvc16.com\/portal\/wp-json\/wp\/v2\/posts"}],"about":[{"href":"https:\/\/tvc16.com\/portal\/wp-json\/wp\/v2\/types\/post"}],"author":[{"embeddable":true,"href":"https:\/\/tvc16.com\/portal\/wp-json\/wp\/v2\/users\/2"}],"replies":[{"embeddable":true,"href":"https:\/\/tvc16.com\/portal\/wp-json\/wp\/v2\/comments?post=6344"}],"version-history":[{"count":4,"href":"https:\/\/tvc16.com\/portal\/wp-json\/wp\/v2\/posts\/6344\/revisions"}],"predecessor-version":[{"id":6357,"href":"https:\/\/tvc16.com\/portal\/wp-json\/wp\/v2\/posts\/6344\/revisions\/6357"}],"wp:featuredmedia":[{"embeddable":true,"href":"https:\/\/tvc16.com\/portal\/wp-json\/wp\/v2\/media\/6351"}],"wp:attachment":[{"href":"https:\/\/tvc16.com\/portal\/wp-json\/wp\/v2\/media?parent=6344"}],"wp:term":[{"taxonomy":"category","embeddable":true,"href":"https:\/\/tvc16.com\/portal\/wp-json\/wp\/v2\/categories?post=6344"},{"taxonomy":"post_tag","embeddable":true,"href":"https:\/\/tvc16.com\/portal\/wp-json\/wp\/v2\/tags?post=6344"}],"curies":[{"name":"wp","href":"https:\/\/api.w.org\/{rel}","templated":true}]}}