{"id":63452,"date":"2023-07-12T13:52:18","date_gmt":"2023-07-12T16:52:18","guid":{"rendered":"https:\/\/tvc16.com\/portal\/?p=63452"},"modified":"2023-07-12T13:52:19","modified_gmt":"2023-07-12T16:52:19","slug":"preparador-fisico-uruguaio-e-preso-por-racismo-em-jogo-do-corinthians","status":"publish","type":"post","link":"https:\/\/tvc16.com\/portal\/2023\/07\/12\/preparador-fisico-uruguaio-e-preso-por-racismo-em-jogo-do-corinthians\/","title":{"rendered":"Preparador f\u00edsico uruguaio \u00e9 preso por racismo em jogo do Corinthians"},"content":{"rendered":"\n<h3 class=\"wp-block-heading\">Avellino Vargas, do Universitario, fez gestos racistas contra torcida<\/h3>\n\n\n\n<h4 class=\"wp-block-heading\"> Por Lincoln Chaves &#8211; Rep\u00f3rter da EBC &#8211; S\u00e3o Paulo<audio src=\"https:\/\/tts-app.ebc.com.br\/media\/tts\/206398.mp3\"><\/audio><\/h4>\n\n\n\n<p>O preparador f\u00edsico uruguaio Sebastian Avellino Vargas, do clube de futebol peruano Universit\u00e1rio, foi preso em flagrante na noite da \u00faltima ter\u00e7a-feira (11). O profissional de 43 anos foi detido sob acusa\u00e7\u00e3o de racismo contra torcedores do Corinthians durante a partida entre os times pela Copa Sul-Americana, na Neo Qu\u00edmica Arena, zona leste da capital paulista. Os brasileiros venceram por 1 a 0.<img decoding=\"async\" src=\"https:\/\/agenciabrasil.ebc.com.br\/ebc.png?id=1543359&amp;o=node\"><img decoding=\"async\" src=\"https:\/\/agenciabrasil.ebc.com.br\/ebc.gif?id=1543359&amp;o=node\"><\/p>\n\n\n\n<p>Conforme a Secretaria de Seguran\u00e7a P\u00fablica (SSP) de S\u00e3o Paulo, o preparador f\u00edsico simulou gestos de macaco em dire\u00e7\u00e3o \u00e0 torcida local. A a\u00e7\u00e3o, segundo a nota, chamou aten\u00e7\u00e3o de policiais militares que faziam a seguran\u00e7a no est\u00e1dio e testemunhas teriam confirmado o ato do uruguaio.<\/p>\n\n\n\n<p>Vargas foi conduzido ao 24\u00ba Distrito Policial, na Ponte Rasa, tamb\u00e9m zona leste paulistana, onde o caso foi registrado como preconceito de ra\u00e7a e cor. De acordo com a SSP, o homem prestou depoimento com aux\u00edlio de um tradutor.<\/p>\n\n\n\n<p>A audi\u00eancia de cust\u00f3dia do uruguaio foi marcada para a tarde desta quarta-feira (12), no F\u00f3rum Criminal Ministro M\u00e1rio Guimar\u00e3es, na Barra Funda, zona oeste de S\u00e3o Paulo. Segundo o Tribunal de Justi\u00e7a, ainda n\u00e3o h\u00e1 previs\u00e3o de hor\u00e1rio para a sess\u00e3o, que definir\u00e1 se Vargas continuar\u00e1 detido ou ser\u00e1 solto.<\/p>\n\n\n\n<p>Em maio do ano passado, a Confedera\u00e7\u00e3o Sul-Americana de Futebol (Conmebol) aumentou o valor da multa ao clube que estiver envolvido em caso de racismo em competi\u00e7\u00f5es organizadas pela entidade. O valor passou de US$ 30 mil para US$ 100 mil (cerca de R$ 480 mil, na cota\u00e7\u00e3o atual).<\/p>\n\n\n\n<p>Em janeiro deste ano, o presidente Luiz In\u00e1cio Lula da Silva sancionou a Lei 14.532, que tipifica a inj\u00faria racial como crime de racismo &#8211; que j\u00e1 era considerado delito no pa\u00eds pela Lei 7.716, de 1989. Com a san\u00e7\u00e3o, a penalidade foi aumentada de um a tr\u00eas anos para de dois a cinco anos de reclus\u00e3o.<\/p>\n\n\n\n<p>Edi\u00e7\u00e3o: Cl\u00e1udia Soares Rodrigues<\/p>\n","protected":false},"excerpt":{"rendered":"<p>Avellino Vargas, do Universitario, fez gestos racistas contra torcida Por Lincoln Chaves &#8211; Rep\u00f3rter da<\/p>\n","protected":false},"author":2,"featured_media":63453,"comment_status":"open","ping_status":"open","sticky":false,"template":"","format":"standard","meta":{"footnotes":""},"categories":[17],"tags":[],"class_list":["post-63452","post","type-post","status-publish","format-standard","has-post-thumbnail","hentry","category-outras-noticias"],"_links":{"self":[{"href":"https:\/\/tvc16.com\/portal\/wp-json\/wp\/v2\/posts\/63452","targetHints":{"allow":["GET"]}}],"collection":[{"href":"https:\/\/tvc16.com\/portal\/wp-json\/wp\/v2\/posts"}],"about":[{"href":"https:\/\/tvc16.com\/portal\/wp-json\/wp\/v2\/types\/post"}],"author":[{"embeddable":true,"href":"https:\/\/tvc16.com\/portal\/wp-json\/wp\/v2\/users\/2"}],"replies":[{"embeddable":true,"href":"https:\/\/tvc16.com\/portal\/wp-json\/wp\/v2\/comments?post=63452"}],"version-history":[{"count":1,"href":"https:\/\/tvc16.com\/portal\/wp-json\/wp\/v2\/posts\/63452\/revisions"}],"predecessor-version":[{"id":63454,"href":"https:\/\/tvc16.com\/portal\/wp-json\/wp\/v2\/posts\/63452\/revisions\/63454"}],"wp:featuredmedia":[{"embeddable":true,"href":"https:\/\/tvc16.com\/portal\/wp-json\/wp\/v2\/media\/63453"}],"wp:attachment":[{"href":"https:\/\/tvc16.com\/portal\/wp-json\/wp\/v2\/media?parent=63452"}],"wp:term":[{"taxonomy":"category","embeddable":true,"href":"https:\/\/tvc16.com\/portal\/wp-json\/wp\/v2\/categories?post=63452"},{"taxonomy":"post_tag","embeddable":true,"href":"https:\/\/tvc16.com\/portal\/wp-json\/wp\/v2\/tags?post=63452"}],"curies":[{"name":"wp","href":"https:\/\/api.w.org\/{rel}","templated":true}]}}