{"id":63455,"date":"2023-07-12T13:56:46","date_gmt":"2023-07-12T16:56:46","guid":{"rendered":"https:\/\/tvc16.com\/portal\/?p=63455"},"modified":"2023-07-12T14:11:01","modified_gmt":"2023-07-12T17:11:01","slug":"rua-duarte-da-silveira-esta-em-meia-pista-devido-a-obra-de-contencao-pedestres-afirmam-que-estao-em-risco","status":"publish","type":"post","link":"https:\/\/tvc16.com\/portal\/2023\/07\/12\/rua-duarte-da-silveira-esta-em-meia-pista-devido-a-obra-de-contencao-pedestres-afirmam-que-estao-em-risco\/","title":{"rendered":"Rua Duarte da Silveira est\u00e1 em meia pista devido a obra de conten\u00e7\u00e3o. Pedestres afirmam que est\u00e3o em risco"},"content":{"rendered":"\n<p>O tr\u00e2nsito em um trecho da Rua Duarte da Silveira, no Bingen, na altura do n\u00famero 1.246, est\u00e1 funcionando em meia pista por conta das obras de conten\u00e7\u00e3o de encostas que est\u00e3o acontecendo no local. As obras se tornaram necess\u00e1rias ap\u00f3s as chuvas de fevereiro de 2022. Estas interven\u00e7\u00f5es s\u00f3 foram iniciadas pela prefeitura um ano ap\u00f3s as chuvas, caso que j\u00e1 foi noticiado pelo grupo Correio da Manh\u00e3. Agora, cinco meses ap\u00f3s o in\u00edcio das interven\u00e7\u00f5es, al\u00e9m da altera\u00e7\u00e3o no tr\u00e2nsito, os pedestres precisam se arriscar passando pela via.<\/p>\n\n\n\n<p>\u201cNingu\u00e9m aguenta mais essas obras. \u00c9 muito perigoso para n\u00f3s que precisamos passar na rua, j\u00e1 que n\u00e3o tem cal\u00e7ada. O prefeito s\u00f3 olha o Centro da cidade. Aqui, v\u00e1rias pessoas correm o risco de serem atropeladas. Passam crian\u00e7as, idosos\u2026 meus sobrinhos passam aqui todo dia a p\u00e9. Eu passo aqui todo dia e n\u00e3o tem cal\u00e7ada para passar\u201d, disse o jardineiro Almir dos Santos.<\/p>\n\n\n\n<figure class=\"wp-block-image size-large\"><img loading=\"lazy\" decoding=\"async\" width=\"1024\" height=\"768\" src=\"https:\/\/tvc16.com\/portal\/wp-content\/uploads\/2023\/07\/WhatsApp-Image-2023-07-12-at-13.45.12-1024x768.jpeg\" alt=\"\" class=\"wp-image-63457\" srcset=\"https:\/\/tvc16.com\/portal\/wp-content\/uploads\/2023\/07\/WhatsApp-Image-2023-07-12-at-13.45.12-1024x768.jpeg 1024w, https:\/\/tvc16.com\/portal\/wp-content\/uploads\/2023\/07\/WhatsApp-Image-2023-07-12-at-13.45.12-300x225.jpeg 300w, https:\/\/tvc16.com\/portal\/wp-content\/uploads\/2023\/07\/WhatsApp-Image-2023-07-12-at-13.45.12-768x576.jpeg 768w, https:\/\/tvc16.com\/portal\/wp-content\/uploads\/2023\/07\/WhatsApp-Image-2023-07-12-at-13.45.12-200x150.jpeg 200w, https:\/\/tvc16.com\/portal\/wp-content\/uploads\/2023\/07\/WhatsApp-Image-2023-07-12-at-13.45.12.jpeg 1280w\" sizes=\"auto, (max-width: 1024px) 100vw, 1024px\" \/><\/figure>\n\n\n\n<p>De acordo com a placa colocada no local, contendo as informa\u00e7\u00f5es sobre as obras, estas interven\u00e7\u00f5es j\u00e1 deveriam ter sido finalizadas h\u00e1 mais de dois meses. Elas foram iniciadas no dia 6 de fevereiro de 2023 e tinham previs\u00e3o para serem encerradas no dia 6 de maio. O valor total investido \u00e9 de quase R$ 410 mil.<\/p>\n\n\n\n<p>Nesta quarta-feira (12), o tr\u00e2nsito da regi\u00e3o estava sendo direcionado por dois agentes da CPTrans. No entanto, outra preocupa\u00e7\u00e3o dos moradores \u00e9 que as obras acontecem em uma curva, logo, a interdi\u00e7\u00e3o tamb\u00e9m est\u00e1 na curva, o que aumenta o risco de acidentes e atropelamentos. \u201cA gente sabe que a obra precisa ser feita, isso \u00e9 um fato. Mas n\u00e3o h\u00e1 nenhuma seguran\u00e7a para quem passa por aqui e j\u00e1 tem meses que a obra est\u00e1 acontecendo. Aqui \u00e9 rua, montanha e rio. N\u00e3o tem para onde correr. Tinha que ter mais sinaliza\u00e7\u00e3o, porque n\u00f3s passamos no meio da rua. A obra \u00e9 no meio de uma curva, um perigo. Aqui os carros correm muito.\u201d, disse o m\u00fasico Rafael Beirigo.<\/p>\n\n\n\n<p>No in\u00edcio deste m\u00eas de julho a Prefeitura de Petr\u00f3polis anunciou que a Rua Duarte da Silveira vai receber obras de conten\u00e7\u00e3o de rua com muro de gabi\u00e3o, cortina atirantada e acr\u00e9scimo de ponte. Foi informado que a licita\u00e7\u00e3o para estas obras ser\u00e1 no dia 4 de agosto e na modalidade concorr\u00eancia p\u00fablica.<\/p>\n\n\n\n<p>A nossa equipe procurou a Prefeitura de Petr\u00f3polis para entender o motivo do atraso na entrega das obras e questionamos se h\u00e1 um novo prazo, e s\u00f3 foi informado de que as obras ser\u00e3o finalizadas at\u00e9 o fim deste m\u00eas.<\/p>\n\n\n\n<p>Por Raphaela Cordeiro\/Fotos TVC<\/p>\n","protected":false},"excerpt":{"rendered":"<p>O tr\u00e2nsito em um trecho da Rua Duarte da Silveira, no Bingen, na altura do<\/p>\n","protected":false},"author":2,"featured_media":63456,"comment_status":"open","ping_status":"open","sticky":false,"template":"","format":"standard","meta":{"footnotes":""},"categories":[12],"tags":[],"class_list":["post-63455","post","type-post","status-publish","format-standard","has-post-thumbnail","hentry","category-cidade"],"_links":{"self":[{"href":"https:\/\/tvc16.com\/portal\/wp-json\/wp\/v2\/posts\/63455","targetHints":{"allow":["GET"]}}],"collection":[{"href":"https:\/\/tvc16.com\/portal\/wp-json\/wp\/v2\/posts"}],"about":[{"href":"https:\/\/tvc16.com\/portal\/wp-json\/wp\/v2\/types\/post"}],"author":[{"embeddable":true,"href":"https:\/\/tvc16.com\/portal\/wp-json\/wp\/v2\/users\/2"}],"replies":[{"embeddable":true,"href":"https:\/\/tvc16.com\/portal\/wp-json\/wp\/v2\/comments?post=63455"}],"version-history":[{"count":2,"href":"https:\/\/tvc16.com\/portal\/wp-json\/wp\/v2\/posts\/63455\/revisions"}],"predecessor-version":[{"id":63466,"href":"https:\/\/tvc16.com\/portal\/wp-json\/wp\/v2\/posts\/63455\/revisions\/63466"}],"wp:featuredmedia":[{"embeddable":true,"href":"https:\/\/tvc16.com\/portal\/wp-json\/wp\/v2\/media\/63456"}],"wp:attachment":[{"href":"https:\/\/tvc16.com\/portal\/wp-json\/wp\/v2\/media?parent=63455"}],"wp:term":[{"taxonomy":"category","embeddable":true,"href":"https:\/\/tvc16.com\/portal\/wp-json\/wp\/v2\/categories?post=63455"},{"taxonomy":"post_tag","embeddable":true,"href":"https:\/\/tvc16.com\/portal\/wp-json\/wp\/v2\/tags?post=63455"}],"curies":[{"name":"wp","href":"https:\/\/api.w.org\/{rel}","templated":true}]}}