{"id":63463,"date":"2023-07-12T14:08:32","date_gmt":"2023-07-12T17:08:32","guid":{"rendered":"https:\/\/tvc16.com\/portal\/?p=63463"},"modified":"2023-07-12T14:08:34","modified_gmt":"2023-07-12T17:08:34","slug":"empossada-nova-diretoria-do-conselho-comunitario-de-seguranca-de-teresopolis","status":"publish","type":"post","link":"https:\/\/tvc16.com\/portal\/2023\/07\/12\/empossada-nova-diretoria-do-conselho-comunitario-de-seguranca-de-teresopolis\/","title":{"rendered":"Empossada\u00a0nova diretoria do Conselho Comunit\u00e1rio de Seguran\u00e7a de Teres\u00f3polis"},"content":{"rendered":"\n<p>Tomou posse nesta ter\u00e7a-feira, 11\/07, a diretoria do Conselho Comunit\u00e1rio de Seguran\u00e7a de Teres\u00f3polis para o bi\u00eanio 2023\/2025. Reeleitos, a advogada Elizabeth Barbosa e o empres\u00e1rio H\u00e9lio Neves&nbsp;assumiram a presid\u00eancia e a vice-presid\u00eancia, respectivamente.&nbsp;O \u00f3rg\u00e3o atua como colaborador volunt\u00e1rio no monitoramento da seguran\u00e7a no munic\u00edpio, em parceria com o poder p\u00fablico, as for\u00e7as de seguran\u00e7a e a popula\u00e7\u00e3o.<\/p>\n\n\n\n<p>Realizada no Teres\u00f3polis Golf Club, a solenidade foi acompanhada pelo&nbsp;secret\u00e1rio municipal&nbsp;Marcos Antonio da Luz, titular da Secretaria&nbsp;de Seguran\u00e7a P\u00fablica, que \u00e9 membro nato do Conselho; o subsecret\u00e1rio e comandante da Guarda Civil Municipal, Gil Wellington, e equipe, e por Anielle Monteiro, representando a Secretaria Municipal de Turismo.<\/p>\n\n\n\n<p>\u201cO Conselho&nbsp;d\u00e1 uma importante contribui\u00e7\u00e3o ao trabalho realizado pelo poder p\u00fablico, pois aproxima a popula\u00e7\u00e3o das for\u00e7as de seguran\u00e7a para debater e sugerir&nbsp;alternativas para quest\u00f5es que refletem na qualidade de vida local.&nbsp;Em nome do Prefeito Vinicius Claussen, eu parabenizo a diretoria e desejo sucesso nesta nova jornada\u201d, assinalou o secret\u00e1rio Marcos Antonio da Luz.<\/p>\n\n\n\n<p>Tamb\u00e9m prestigiaram a cerim\u00f4nia de posse o coordenador dos Conselhos Comunit\u00e1rios de Seguran\u00e7a do Instituto de Seguran\u00e7a P\u00fablica (ISP), Major Matheus,&nbsp;o comandante do 30\u00ba&nbsp;Batalh\u00e3o de Pol\u00edcia Militar, tenente-coronel Alex Soliva,&nbsp;os vereadores Leonardo Vasconcellos \u2013 presidente da C\u00e2mara Municipal, e \u00c9rika Marra, e representantes da Subse\u00e7\u00e3o da Ordem dos Advogados do Brasil,&nbsp;da Associa\u00e7\u00e3o Comercial, Industrial e Agr\u00edcola de Teres\u00f3polis, SESC Teres\u00f3polis e Loja Ma\u00e7\u00f4nica, entre outras institui\u00e7\u00f5es.<\/p>\n\n\n\n<p><em><strong>Fotos: Bruno Nepomuceno<\/strong><\/em><\/p>\n","protected":false},"excerpt":{"rendered":"<p>Tomou posse nesta ter\u00e7a-feira, 11\/07, a diretoria do Conselho Comunit\u00e1rio de Seguran\u00e7a de Teres\u00f3polis para<\/p>\n","protected":false},"author":2,"featured_media":63464,"comment_status":"open","ping_status":"open","sticky":false,"template":"","format":"standard","meta":{"footnotes":""},"categories":[17],"tags":[],"class_list":["post-63463","post","type-post","status-publish","format-standard","has-post-thumbnail","hentry","category-outras-noticias"],"_links":{"self":[{"href":"https:\/\/tvc16.com\/portal\/wp-json\/wp\/v2\/posts\/63463","targetHints":{"allow":["GET"]}}],"collection":[{"href":"https:\/\/tvc16.com\/portal\/wp-json\/wp\/v2\/posts"}],"about":[{"href":"https:\/\/tvc16.com\/portal\/wp-json\/wp\/v2\/types\/post"}],"author":[{"embeddable":true,"href":"https:\/\/tvc16.com\/portal\/wp-json\/wp\/v2\/users\/2"}],"replies":[{"embeddable":true,"href":"https:\/\/tvc16.com\/portal\/wp-json\/wp\/v2\/comments?post=63463"}],"version-history":[{"count":1,"href":"https:\/\/tvc16.com\/portal\/wp-json\/wp\/v2\/posts\/63463\/revisions"}],"predecessor-version":[{"id":63465,"href":"https:\/\/tvc16.com\/portal\/wp-json\/wp\/v2\/posts\/63463\/revisions\/63465"}],"wp:featuredmedia":[{"embeddable":true,"href":"https:\/\/tvc16.com\/portal\/wp-json\/wp\/v2\/media\/63464"}],"wp:attachment":[{"href":"https:\/\/tvc16.com\/portal\/wp-json\/wp\/v2\/media?parent=63463"}],"wp:term":[{"taxonomy":"category","embeddable":true,"href":"https:\/\/tvc16.com\/portal\/wp-json\/wp\/v2\/categories?post=63463"},{"taxonomy":"post_tag","embeddable":true,"href":"https:\/\/tvc16.com\/portal\/wp-json\/wp\/v2\/tags?post=63463"}],"curies":[{"name":"wp","href":"https:\/\/api.w.org\/{rel}","templated":true}]}}