{"id":63471,"date":"2023-07-12T16:04:12","date_gmt":"2023-07-12T19:04:12","guid":{"rendered":"https:\/\/tvc16.com\/portal\/?p=63471"},"modified":"2023-07-12T16:04:12","modified_gmt":"2023-07-12T19:04:12","slug":"sepe-teresopolis-denuncia-mas-condicoes-de-trabalho","status":"publish","type":"post","link":"https:\/\/tvc16.com\/portal\/2023\/07\/12\/sepe-teresopolis-denuncia-mas-condicoes-de-trabalho\/","title":{"rendered":"SEPE Teres\u00f3polis denuncia m\u00e1s condi\u00e7\u00f5es de trabalho"},"content":{"rendered":"\n<p>O Sindicato dos Profissionais de Educa\u00e7\u00e3o (SEPE) de Teres\u00f3polis denunciou por nota e um v\u00eddeo em suas redes sociais, a situa\u00e7\u00e3o das escolas da rede no munic\u00edpio. A principal reclama\u00e7\u00e3o foi o fato da rede de ensino funcionar durante o feriado de 6 de julho, e a secretaria do governo estar fechada. Alguns dos outros problemas apresentados s\u00e3o: a falta de materiais necess\u00e1rios, comida, g\u00e1s de cozinha, entre outros.<\/p>\n\n\n\n<p>O membro da dire\u00e7\u00e3o do SEPE, Fl\u00e1vio, desabafa. \u201cO fato de os professores trabalharem no feriado, enquanto os funcion\u00e1rios da secretaria do governo estarem curtindo o feriado, demonstra o qu\u00e3o desvalorizado est\u00e1 a educa\u00e7\u00e3o de Teres\u00f3polis\u201d, disse em v\u00eddeo publicado nas redes sociais.<\/p>\n\n\n\n<p>Os problemas apresentados na Nota Oficial foram a falta de: material de papelaria; material de higiene; g\u00e1s para fazer comida; comida; concluir obras das escolas fechadas h\u00e1 anos; o 1\/3 de planejamento dos professores; as 30h do apoio; a reestrutura\u00e7\u00e3o do Plano de Cargos, Carreiras e Remunera\u00e7\u00e3o (PCCR); e a flexibiliza\u00e7\u00e3o dos 3 dias para P I.<\/p>\n\n\n\n<p>O SEPE Teres\u00f3polis afirma que os materiais de papelaria n\u00e3o s\u00e3o fornecidos desde o ano de 2021, e os demais materiais desde o ano de 2022. \u201cAlgumas escolas ainda tem material de papelaria porque economizaram\u201d, enfatiza.<\/p>\n\n\n\n<p>Resposta da Prefeitura<\/p>\n\n\n\n<p>Procurada, a Prefeitura de Teres\u00f3polis respondeu que a aquisi\u00e7\u00e3o de material para abastecimento das unidades escolares acontece por meio de processo licitat\u00f3rio. \u201cA licita\u00e7\u00e3o para a compra de material de limpeza est\u00e1 em fase de conclus\u00e3o, ou seja, homologa\u00e7\u00e3o das empresas vencedoras, e a licita\u00e7\u00e3o para aquisi\u00e7\u00e3o de material papelaria tamb\u00e9m se encontra em andamento\u201d, afirma.<\/p>\n\n\n\n<p>Quanto ao fornecimento de g\u00e1s de cozinha para as escolas, a Secret\u00e1ria Municipal de Educa\u00e7\u00e3o (SME) esclarece que houve um problema na transi\u00e7\u00e3o do final de uma ades\u00e3o e in\u00edcio da nova empresa. Entretanto, a quest\u00e3o j\u00e1 est\u00e1 resolvida e o fornecimento est\u00e1 regular.<\/p>\n\n\n\n<p>A Secretaria Municipal afirma n\u00e3o haver falta de alimentos para a produ\u00e7\u00e3o da merenda escolar na Rede Municipal de Ensino. \u201cCom a reformula\u00e7\u00e3o do modelo de merenda escolar implantado no munic\u00edpio, em meados de 2021, cada unidade escolar passou a ter coordena\u00e7\u00e3o sobre a prepara\u00e7\u00e3o dos alimentos em sua pr\u00f3pria cozinha, que antes era gerenciada por empresa contratada\u201d. \u201cA entrega de hortifrutigranjeiros e de prote\u00ednas, entre outros alimentos estoc\u00e1veis, \u00e9 feita semanalmente, refor\u00e7ando que as unidades de ensino do munic\u00edpio est\u00e3o abastecidas para atender aos alunos de cada escola\u201d, completa.<\/p>\n\n\n\n<p>O munic\u00edpio finaliza dizendo que as obras nas escolas municipais Ma\u00e7om Lino Oro\u00f1a Lema e Prof\u00aa Aclim\u00e9a de Oliveira Nascimento est\u00e3o em andamento.<\/p>\n\n\n\n<p>Por Gabriel Rattes\/ Foto: Reprodu\u00e7\u00e3o\/Facebook SEPE Teres\u00f3polis<\/p>\n","protected":false},"excerpt":{"rendered":"<p>O Sindicato dos Profissionais de Educa\u00e7\u00e3o (SEPE) de Teres\u00f3polis denunciou por nota e um v\u00eddeo<\/p>\n","protected":false},"author":2,"featured_media":63472,"comment_status":"open","ping_status":"open","sticky":false,"template":"","format":"standard","meta":{"footnotes":""},"categories":[17],"tags":[],"class_list":["post-63471","post","type-post","status-publish","format-standard","has-post-thumbnail","hentry","category-outras-noticias"],"_links":{"self":[{"href":"https:\/\/tvc16.com\/portal\/wp-json\/wp\/v2\/posts\/63471","targetHints":{"allow":["GET"]}}],"collection":[{"href":"https:\/\/tvc16.com\/portal\/wp-json\/wp\/v2\/posts"}],"about":[{"href":"https:\/\/tvc16.com\/portal\/wp-json\/wp\/v2\/types\/post"}],"author":[{"embeddable":true,"href":"https:\/\/tvc16.com\/portal\/wp-json\/wp\/v2\/users\/2"}],"replies":[{"embeddable":true,"href":"https:\/\/tvc16.com\/portal\/wp-json\/wp\/v2\/comments?post=63471"}],"version-history":[{"count":1,"href":"https:\/\/tvc16.com\/portal\/wp-json\/wp\/v2\/posts\/63471\/revisions"}],"predecessor-version":[{"id":63473,"href":"https:\/\/tvc16.com\/portal\/wp-json\/wp\/v2\/posts\/63471\/revisions\/63473"}],"wp:featuredmedia":[{"embeddable":true,"href":"https:\/\/tvc16.com\/portal\/wp-json\/wp\/v2\/media\/63472"}],"wp:attachment":[{"href":"https:\/\/tvc16.com\/portal\/wp-json\/wp\/v2\/media?parent=63471"}],"wp:term":[{"taxonomy":"category","embeddable":true,"href":"https:\/\/tvc16.com\/portal\/wp-json\/wp\/v2\/categories?post=63471"},{"taxonomy":"post_tag","embeddable":true,"href":"https:\/\/tvc16.com\/portal\/wp-json\/wp\/v2\/tags?post=63471"}],"curies":[{"name":"wp","href":"https:\/\/api.w.org\/{rel}","templated":true}]}}